{"id":98649,"date":"2023-07-15T19:02:48","date_gmt":"2023-07-15T22:02:48","guid":{"rendered":"https:\/\/blogdoedvaldomagalhaes.com.br\/?p=98649"},"modified":"2023-07-15T19:02:49","modified_gmt":"2023-07-15T22:02:49","slug":"onibus-tfd-tem-novo-endereco-de-embarque-em-caruaru","status":"publish","type":"post","link":"https:\/\/blogdoedvaldomagalhaes.com.br\/index.php\/2023\/07\/15\/onibus-tfd-tem-novo-endereco-de-embarque-em-caruaru\/","title":{"rendered":"\u00d4nibus TFD tem novo endere\u00e7o de embarque, em Caruaru"},"content":{"rendered":"<p style=\"text-align: justify;\"><span style=\"font-size: revert; color: initial;\">A\u00a0 Secretaria Municipal de Sa\u00fade de Caruaru (SMS) informa aos usu\u00e1rios que fazem uso do \u00f4nibus TFD (Tratamento Fora de Domic\u00edlio), atrav\u00e9s do servi\u00e7o municipal de transporte sanit\u00e1rio, agendado pela Regula\u00e7\u00e3o, para se deslocar para o Recife, que o novo endere\u00e7o de embarque mudou. A nova sala de espera fica na sede da Secretaria de Sa\u00fade, localizada na Avenida Vera Cruz, n\u00famero 654, no Bairro S\u00e3o Francisco, pelo acesso lateral. O hor\u00e1rio permanece o mesmo, \u00e0s 3h.<\/span><\/p>\n<p>Se inscreva no canal do Blog no You Tube<\/p>\n<p style=\"text-align: justify;\">Siga o Instagram @blogdoedvaldomagalhaes<\/p>\n","protected":false},"excerpt":{"rendered":"<p>A\u00a0 Secretaria Municipal de Sa\u00fade de Caruaru (SMS) informa aos usu\u00e1rios que fazem uso do \u00f4nibus TFD (Tratamento Fora de&hellip;<\/p>\n","protected":false},"author":1,"featured_media":98650,"comment_status":"closed","ping_status":"open","sticky":false,"template":"","format":"standard","meta":{"footnotes":""},"categories":[14120],"tags":[2,19532,3406,28055],"class_list":["post-98649","post","type-post","status-publish","format-standard","has-post-thumbnail","hentry","category-noticias","tag-blog-do-edvaldo-magalhaes","tag-blog-mais-acessado-e-visualizado-de-caruaru-e-regiao","tag-caruaru","tag-onibus-tfd-tem-novo-endereco-de-embarque-em-caruaru"],"_links":{"self":[{"href":"https:\/\/blogdoedvaldomagalhaes.com.br\/index.php\/wp-json\/wp\/v2\/posts\/98649","targetHints":{"allow":["GET"]}}],"collection":[{"href":"https:\/\/blogdoedvaldomagalhaes.com.br\/index.php\/wp-json\/wp\/v2\/posts"}],"about":[{"href":"https:\/\/blogdoedvaldomagalhaes.com.br\/index.php\/wp-json\/wp\/v2\/types\/post"}],"author":[{"embeddable":true,"href":"https:\/\/blogdoedvaldomagalhaes.com.br\/index.php\/wp-json\/wp\/v2\/users\/1"}],"replies":[{"embeddable":true,"href":"https:\/\/blogdoedvaldomagalhaes.com.br\/index.php\/wp-json\/wp\/v2\/comments?post=98649"}],"version-history":[{"count":1,"href":"https:\/\/blogdoedvaldomagalhaes.com.br\/index.php\/wp-json\/wp\/v2\/posts\/98649\/revisions"}],"predecessor-version":[{"id":98651,"href":"https:\/\/blogdoedvaldomagalhaes.com.br\/index.php\/wp-json\/wp\/v2\/posts\/98649\/revisions\/98651"}],"wp:featuredmedia":[{"embeddable":true,"href":"https:\/\/blogdoedvaldomagalhaes.com.br\/index.php\/wp-json\/wp\/v2\/media\/98650"}],"wp:attachment":[{"href":"https:\/\/blogdoedvaldomagalhaes.com.br\/index.php\/wp-json\/wp\/v2\/media?parent=98649"}],"wp:term":[{"taxonomy":"category","embeddable":true,"href":"https:\/\/blogdoedvaldomagalhaes.com.br\/index.php\/wp-json\/wp\/v2\/categories?post=98649"},{"taxonomy":"post_tag","embeddable":true,"href":"https:\/\/blogdoedvaldomagalhaes.com.br\/index.php\/wp-json\/wp\/v2\/tags?post=98649"}],"curies":[{"name":"wp","href":"https:\/\/api.w.org\/{rel}","templated":true}]}}