{"id":98646,"date":"2023-07-15T14:26:26","date_gmt":"2023-07-15T17:26:26","guid":{"rendered":"https:\/\/blogdoedvaldomagalhaes.com.br\/?p=98646"},"modified":"2023-07-15T14:26:27","modified_gmt":"2023-07-15T17:26:27","slug":"evento-solidariedade-transforma-em-caruaru-neste-sabado-15","status":"publish","type":"post","link":"https:\/\/blogdoedvaldomagalhaes.com.br\/index.php\/2023\/07\/15\/evento-solidariedade-transforma-em-caruaru-neste-sabado-15\/","title":{"rendered":"Evento \u2018Solidariedade Transforma\u2019 em Caruaru neste s\u00e1bado (15)"},"content":{"rendered":"<p style=\"text-align: justify;\">O Caruaru Shopping recebe neste s\u00e1bado (15.07), o evento Solidariedade Transforma, no Pavilh\u00e3o de Eventos, das 16h \u00e0s 21h30, com o objetivo de arrecadar fundos para ajudar institui\u00e7\u00f5es carentes da regi\u00e3o.<\/p>\n<p style=\"text-align: justify;\">O Solidariedade Transforma \u00e9 um evento realizado desde 2019 e, este ano, tem como foco ajudar a Apae Caruaru, uma institui\u00e7\u00e3o que presta assist\u00eancia a mais de 256 pessoas com defici\u00eancia intelectual e m\u00faltipla.<\/p>\n<p style=\"text-align: justify;\">Os participantes poder\u00e3o desfrutar de uma variedade de atividades emocionantes, incluindo desfiles de moda, m\u00fasicas e muita dan\u00e7a.<\/p>\n<p style=\"text-align: justify;\">Os ingressos est\u00e3o dispon\u00edveis para compra por R$ 15 atrav\u00e9s da plataforma Sympla. Al\u00e9m disso, os interessados tamb\u00e9m t\u00eam a op\u00e7\u00e3o de adquirir a entrada por R$ 10, desde que tragam 1kg de alimento n\u00e3o perec\u00edvel para doa\u00e7\u00e3o.<\/p>\n","protected":false},"excerpt":{"rendered":"<p>O Caruaru Shopping recebe neste s\u00e1bado (15.07), o evento Solidariedade Transforma, no Pavilh\u00e3o de Eventos, das 16h \u00e0s 21h30, com&hellip;<\/p>\n","protected":false},"author":1,"featured_media":98647,"comment_status":"closed","ping_status":"open","sticky":false,"template":"","format":"standard","meta":{"footnotes":""},"categories":[14120],"tags":[2,19532,3406,28054],"class_list":["post-98646","post","type-post","status-publish","format-standard","has-post-thumbnail","hentry","category-noticias","tag-blog-do-edvaldo-magalhaes","tag-blog-mais-acessado-e-visualizado-de-caruaru-e-regiao","tag-caruaru","tag-evento-solidariedade-transforma-em-caruaru-neste-sabado-15"],"_links":{"self":[{"href":"https:\/\/blogdoedvaldomagalhaes.com.br\/index.php\/wp-json\/wp\/v2\/posts\/98646","targetHints":{"allow":["GET"]}}],"collection":[{"href":"https:\/\/blogdoedvaldomagalhaes.com.br\/index.php\/wp-json\/wp\/v2\/posts"}],"about":[{"href":"https:\/\/blogdoedvaldomagalhaes.com.br\/index.php\/wp-json\/wp\/v2\/types\/post"}],"author":[{"embeddable":true,"href":"https:\/\/blogdoedvaldomagalhaes.com.br\/index.php\/wp-json\/wp\/v2\/users\/1"}],"replies":[{"embeddable":true,"href":"https:\/\/blogdoedvaldomagalhaes.com.br\/index.php\/wp-json\/wp\/v2\/comments?post=98646"}],"version-history":[{"count":1,"href":"https:\/\/blogdoedvaldomagalhaes.com.br\/index.php\/wp-json\/wp\/v2\/posts\/98646\/revisions"}],"predecessor-version":[{"id":98648,"href":"https:\/\/blogdoedvaldomagalhaes.com.br\/index.php\/wp-json\/wp\/v2\/posts\/98646\/revisions\/98648"}],"wp:featuredmedia":[{"embeddable":true,"href":"https:\/\/blogdoedvaldomagalhaes.com.br\/index.php\/wp-json\/wp\/v2\/media\/98647"}],"wp:attachment":[{"href":"https:\/\/blogdoedvaldomagalhaes.com.br\/index.php\/wp-json\/wp\/v2\/media?parent=98646"}],"wp:term":[{"taxonomy":"category","embeddable":true,"href":"https:\/\/blogdoedvaldomagalhaes.com.br\/index.php\/wp-json\/wp\/v2\/categories?post=98646"},{"taxonomy":"post_tag","embeddable":true,"href":"https:\/\/blogdoedvaldomagalhaes.com.br\/index.php\/wp-json\/wp\/v2\/tags?post=98646"}],"curies":[{"name":"wp","href":"https:\/\/api.w.org\/{rel}","templated":true}]}}