{"id":98638,"date":"2023-07-15T13:07:15","date_gmt":"2023-07-15T16:07:15","guid":{"rendered":"https:\/\/blogdoedvaldomagalhaes.com.br\/?p=98638"},"modified":"2023-07-15T13:18:50","modified_gmt":"2023-07-15T16:18:50","slug":"festa-do-maxixe-sera-realizada-em-caruaru-neste-sabado-15","status":"publish","type":"post","link":"https:\/\/blogdoedvaldomagalhaes.com.br\/index.php\/2023\/07\/15\/festa-do-maxixe-sera-realizada-em-caruaru-neste-sabado-15\/","title":{"rendered":"Festa do Maxixe ser\u00e1 realizada em Caruaru, neste s\u00e1bado (15)"},"content":{"rendered":"<p style=\"text-align: justify;\">A primeira edi\u00e7\u00e3o da Festa do Maxixi em Caruaru, ser\u00e1 realizada a partir das 19h, na rua Ant\u00f4nio de Freitas Torres (ao lado da rua do cano), no bairro Salgado. As atra\u00e7\u00f5es ser\u00e3o Trio Bai\u00e3o Nordestino com o aut\u00eantico forr\u00f3 p\u00e9-de-serra e a banda de pifanos Alvorada. A organiza\u00e7\u00e3o \u00e9 de Paulinho Som.<\/p>\n<p style=\"text-align: justify;\"><strong>Maxixi<\/strong><\/p>\n<p style=\"text-align: justify;\">Cucumis anguria, conhecido popularmente como maxixe, \u00e9 uma planta rasteira ou trepadeira anual e de clima quente. Seus frutos comest\u00edveis, chamados de maxixe ou galinha-arrepiada, t\u00eam casca verde, s\u00e3o ovalados e possuem pequenos espinhos moles e n\u00e3o pontiagudos. Suas sementes s\u00e3o achatadas<\/p>\n<p style=\"text-align: justify;\"><span style=\"font-size: revert; color: initial;\">O\u00a0 maxixe \u00e9 um fruto que favorece a perda de peso e ajuda a combater a pris\u00e3o de ventre. Isso porque esse alimento \u00e9 rico em fibras que estimulam os movimentos naturais do intestino e prolongam o tempo de digest\u00e3o dos alimentos, diminuindo a fome.<\/span><\/p>\n<p style=\"text-align: justify;\">Al\u00e9m disso, o maxixe tamb\u00e9m cont\u00e9m vitamina C, um nutriente que melhora a absor\u00e7\u00e3o do ferro presente nos alimentos, ajudando na preven\u00e7\u00e3o da anemia.<\/p>\n<p style=\"text-align: justify;\">Os diferentes tipos de maxixe s\u00e3o o maxixe-do-reino, ou peruano, o maxixe paulista ou o maxixe-do-par\u00e1, que se diferenciam principalmente quanto \u00e0s suas cascas, que s\u00e3o lisas ou espinhosas. Com um sabor suave, o maxixe pode ser consumido cru, em saladas, sucos e conservas, ou ainda refogado, salteado ou cozido.\u00a0<\/p>\n<p>Se inscreva no canal do Blog no You Tube.<\/p>\n<p style=\"text-align: justify;\">Siga o Instagram do Blog @blogdoedvaldomagalhaes<\/p>\n\n\n<p><\/p>\n","protected":false},"excerpt":{"rendered":"<p>A primeira edi\u00e7\u00e3o da Festa do Maxixi em Caruaru, ser\u00e1 realizada a partir das 19h, na rua Ant\u00f4nio de Freitas&hellip;<\/p>\n","protected":false},"author":1,"featured_media":98639,"comment_status":"closed","ping_status":"open","sticky":false,"template":"","format":"standard","meta":{"footnotes":""},"categories":[14120],"tags":[2,19532,3406,28053],"class_list":["post-98638","post","type-post","status-publish","format-standard","has-post-thumbnail","hentry","category-noticias","tag-blog-do-edvaldo-magalhaes","tag-blog-mais-acessado-e-visualizado-de-caruaru-e-regiao","tag-caruaru","tag-festa-do-maxixe-sera-realizada-em-caruaru-neste-sabado-15"],"_links":{"self":[{"href":"https:\/\/blogdoedvaldomagalhaes.com.br\/index.php\/wp-json\/wp\/v2\/posts\/98638","targetHints":{"allow":["GET"]}}],"collection":[{"href":"https:\/\/blogdoedvaldomagalhaes.com.br\/index.php\/wp-json\/wp\/v2\/posts"}],"about":[{"href":"https:\/\/blogdoedvaldomagalhaes.com.br\/index.php\/wp-json\/wp\/v2\/types\/post"}],"author":[{"embeddable":true,"href":"https:\/\/blogdoedvaldomagalhaes.com.br\/index.php\/wp-json\/wp\/v2\/users\/1"}],"replies":[{"embeddable":true,"href":"https:\/\/blogdoedvaldomagalhaes.com.br\/index.php\/wp-json\/wp\/v2\/comments?post=98638"}],"version-history":[{"count":4,"href":"https:\/\/blogdoedvaldomagalhaes.com.br\/index.php\/wp-json\/wp\/v2\/posts\/98638\/revisions"}],"predecessor-version":[{"id":98645,"href":"https:\/\/blogdoedvaldomagalhaes.com.br\/index.php\/wp-json\/wp\/v2\/posts\/98638\/revisions\/98645"}],"wp:featuredmedia":[{"embeddable":true,"href":"https:\/\/blogdoedvaldomagalhaes.com.br\/index.php\/wp-json\/wp\/v2\/media\/98639"}],"wp:attachment":[{"href":"https:\/\/blogdoedvaldomagalhaes.com.br\/index.php\/wp-json\/wp\/v2\/media?parent=98638"}],"wp:term":[{"taxonomy":"category","embeddable":true,"href":"https:\/\/blogdoedvaldomagalhaes.com.br\/index.php\/wp-json\/wp\/v2\/categories?post=98638"},{"taxonomy":"post_tag","embeddable":true,"href":"https:\/\/blogdoedvaldomagalhaes.com.br\/index.php\/wp-json\/wp\/v2\/tags?post=98638"}],"curies":[{"name":"wp","href":"https:\/\/api.w.org\/{rel}","templated":true}]}}