{"id":98629,"date":"2023-07-14T20:43:24","date_gmt":"2023-07-14T23:43:24","guid":{"rendered":"https:\/\/blogdoedvaldomagalhaes.com.br\/?p=98629"},"modified":"2023-07-14T21:03:31","modified_gmt":"2023-07-15T00:03:31","slug":"padre-airton-freire-da-fundacao-terra-e-preso-em-arcoverde","status":"publish","type":"post","link":"https:\/\/blogdoedvaldomagalhaes.com.br\/index.php\/2023\/07\/14\/padre-airton-freire-da-fundacao-terra-e-preso-em-arcoverde\/","title":{"rendered":"Padre Airton Freire da Funda\u00e7\u00e3o Terra \u00e9 preso, em Arcoverde"},"content":{"rendered":"<p style=\"text-align: justify;\">A pol\u00edcia prendeu o padre Airton Freire, de 66 anos, criador da Funda\u00e7\u00e3o Terra, neste sexta-feira (14). O sacerdote \u00e9 investigado por envolvimento em crime de estupro. A pol\u00edcia foi c<span style=\"font-size: revert; color: initial;\">umprir mandados de busca e apreens\u00e3o na Funda\u00e7\u00e3o Terra, unidade do povoado Malhada, em Arcoverde, mas o padre n\u00e3o estava no momento, por\u00e9m, o padre <\/span><span style=\"font-size: revert; color: initial;\">se apresentou na delegacia de Arcoverde.<\/span><\/p>\n<p><strong>Entenda<\/strong><\/p>\n<p style=\"text-align: justify;\"><span style=\"font-size: revert; text-align: justify; color: initial;\">A personal stylist Silvia Tavares de Souza denunciou o padre Airton Freire de ter participado de um estupro contra ela em agosto de 2022, na propriedade da Funda\u00e7\u00e3o Terra. Segundo ela, o estupro foi praticado a mando do padre, pelo motorista dele, de nome Jailson Leonardo da Silva, de 46 anos.<\/span><\/p>\n<p style=\"text-align: justify;\">S\u00edlvia Tavares afirmou na pol\u00edcia, que frequentava retiros espirituais organizados pelo padre desde 2019, na Fazenda Malhada, em Arcoverde, no Sert\u00e3o de Pernambuco, e que participou de, pelo menos, 25 desses eventos religiosos. Os dois teriam se conhecido quando ela buscou a ajuda dele para tratar uma depress\u00e3o.<\/p>\n<p style=\"text-align: justify;\">O caso corre em segredo de Justi\u00e7a e \u00e9 investigado pelo Minist\u00e9rio P\u00fablico de Pernambuco (MPPE) e pela Pol\u00edcia Civil, que receberam a den\u00fancia em novembro e dezembro de 2022, respectivamente.<\/p>\n<p style=\"text-align: justify;\">O padre &#8220;nega a pr\u00e1tica de qualquer ato il\u00edcito e reafirma inoc\u00eancia&#8221; la<span style=\"color: initial; font-size: revert;\">mentando &#8220;ter sido alvo de acusa\u00e7\u00f5es infundadas e injustas e j\u00e1 constituiu advogados para exercer sua defesa&#8221;, e <\/span><span style=\"font-size: revert; color: initial;\">considera &#8220;que o afastamento determinado pela Diocese de Pesqueira permitir\u00e1 que as apura\u00e7\u00f5es transcorram com toda a tranquilidade necess\u00e1ria para que se apure a verdade sobre os fatos&#8221;.<\/span><\/p>\n<p><strong>Nota do Minist\u00e9rio P\u00fablico<\/strong><\/p>\n<p style=\"text-align: justify;\">O Minist\u00e9rio P\u00fablico do Estado de Pernambuco tem feito exame criterioso dos elementos de prova at\u00e9 ent\u00e3o colhidos e pauta-se pelas normas internas e internacionais inseridas no sistema jur\u00eddico p\u00e1trio, preocupado principalmente com os direitos humanos e com as medidas necess\u00e1rias para resguardar e evitar revitimiza\u00e7\u00f5es das v\u00edtimas que buscaram o aparato estatal para relatarem viol\u00eancias sexuais que est\u00e3o sob investiga\u00e7\u00e3o.<\/p>\n<p style=\"text-align: justify;\">A ado\u00e7\u00e3o de medidas cautelares em procedimentos dessa natureza, especialmente com a elucida\u00e7\u00e3o de mais de um caso, na vis\u00e3o do Minist\u00e9rio P\u00fablico, acolhida pelo Poder Judici\u00e1rio, mostra-se necess\u00e1ria para garantir a continuidade do trabalho investigativo da Pol\u00edcia, que est\u00e1 sendo acompanhado pelo MPPE; afastar os riscos de reitera\u00e7\u00e3o delitiva; bem como assegurar prote\u00e7\u00e3o \u00e0s v\u00edtimas que procuraram o Estado para relatarem fatos criminosos contra suas dignidades sexuais.<\/p>\n<p style=\"text-align: justify;\">A Promotoria de Justi\u00e7a da Comarca de Bu\u00edque acrescenta que, no momento, h\u00e1 cinco inqu\u00e9ritos policiais instaurados, em raz\u00e3o da identifica\u00e7\u00e3o de outras v\u00edtimas. Considerando a import\u00e2ncia de uma an\u00e1lise c\u00e9lere e substancial de todos os fatos, a Procuradoria-Geral de Justi\u00e7a designou mais tr\u00eas membros do Minist\u00e9rio P\u00fablico para atuarem no caso.<\/p>\n<p style=\"text-align: justify;\">No mais, o Minist\u00e9rio P\u00fablico mant\u00e9m o acompanhamento das investiga\u00e7\u00f5es a cargo da Pol\u00edcia Civil. Por se tratar de inqu\u00e9ritos sigilosos, n\u00e3o ser\u00e3o divulgadas, no momento, mais informa\u00e7\u00f5es sobre o caso.<\/p>\n","protected":false},"excerpt":{"rendered":"<p>A pol\u00edcia prendeu o padre Airton Freire, de 66 anos, criador da Funda\u00e7\u00e3o Terra, neste sexta-feira (14). O sacerdote \u00e9&hellip;<\/p>\n","protected":false},"author":1,"featured_media":98636,"comment_status":"closed","ping_status":"open","sticky":false,"template":"","format":"standard","meta":{"footnotes":""},"categories":[14120],"tags":[2,19532,3406,28052],"class_list":["post-98629","post","type-post","status-publish","format-standard","has-post-thumbnail","hentry","category-noticias","tag-blog-do-edvaldo-magalhaes","tag-blog-mais-acessado-e-visualizado-de-caruaru-e-regiao","tag-caruaru","tag-padre-airton-freire-da-fundacao-terra-e-preso-em-arcoverde"],"_links":{"self":[{"href":"https:\/\/blogdoedvaldomagalhaes.com.br\/index.php\/wp-json\/wp\/v2\/posts\/98629","targetHints":{"allow":["GET"]}}],"collection":[{"href":"https:\/\/blogdoedvaldomagalhaes.com.br\/index.php\/wp-json\/wp\/v2\/posts"}],"about":[{"href":"https:\/\/blogdoedvaldomagalhaes.com.br\/index.php\/wp-json\/wp\/v2\/types\/post"}],"author":[{"embeddable":true,"href":"https:\/\/blogdoedvaldomagalhaes.com.br\/index.php\/wp-json\/wp\/v2\/users\/1"}],"replies":[{"embeddable":true,"href":"https:\/\/blogdoedvaldomagalhaes.com.br\/index.php\/wp-json\/wp\/v2\/comments?post=98629"}],"version-history":[{"count":4,"href":"https:\/\/blogdoedvaldomagalhaes.com.br\/index.php\/wp-json\/wp\/v2\/posts\/98629\/revisions"}],"predecessor-version":[{"id":98637,"href":"https:\/\/blogdoedvaldomagalhaes.com.br\/index.php\/wp-json\/wp\/v2\/posts\/98629\/revisions\/98637"}],"wp:featuredmedia":[{"embeddable":true,"href":"https:\/\/blogdoedvaldomagalhaes.com.br\/index.php\/wp-json\/wp\/v2\/media\/98636"}],"wp:attachment":[{"href":"https:\/\/blogdoedvaldomagalhaes.com.br\/index.php\/wp-json\/wp\/v2\/media?parent=98629"}],"wp:term":[{"taxonomy":"category","embeddable":true,"href":"https:\/\/blogdoedvaldomagalhaes.com.br\/index.php\/wp-json\/wp\/v2\/categories?post=98629"},{"taxonomy":"post_tag","embeddable":true,"href":"https:\/\/blogdoedvaldomagalhaes.com.br\/index.php\/wp-json\/wp\/v2\/tags?post=98629"}],"curies":[{"name":"wp","href":"https:\/\/api.w.org\/{rel}","templated":true}]}}