{"id":98625,"date":"2023-07-14T19:50:14","date_gmt":"2023-07-14T22:50:14","guid":{"rendered":"https:\/\/blogdoedvaldomagalhaes.com.br\/?p=98625"},"modified":"2023-07-14T19:50:15","modified_gmt":"2023-07-14T22:50:15","slug":"parte-da-populacao-chega-a-piscar-5-vezes-menos-e-doenca-do-olho-seco-avanca","status":"publish","type":"post","link":"https:\/\/blogdoedvaldomagalhaes.com.br\/index.php\/2023\/07\/14\/parte-da-populacao-chega-a-piscar-5-vezes-menos-e-doenca-do-olho-seco-avanca\/","title":{"rendered":"Parte da popula\u00e7\u00e3o chega a piscar 5 vezes menos e doen\u00e7a do Olho Seco avan\u00e7a"},"content":{"rendered":"<p style=\"text-align: justify;\"><span class=\"s3\" style=\"font-size: revert;\"><span class=\"bumpedFont15\">Piscar. Uma rea\u00e7\u00e3o que \u00e9 autom\u00e1tica e fundamental para a sa\u00fade ocular. Mas voc\u00ea sabia <\/span><\/span><span class=\"s3\" style=\"font-size: revert;\"><span class=\"bumpedFont15\">que<\/span><\/span><span class=\"s3\" style=\"font-size: revert;\"><span class=\"bumpedFont15\"> estamos piscando cinco vezes menos? <\/span><\/span><span class=\"s3\" style=\"font-size: revert;\"><span class=\"bumpedFont15\">Geralmente, piscamos de seis a cinco vezes por minuto. <\/span><\/span><span class=\"s3\" style=\"font-size: revert;\"><span class=\"bumpedFont15\">Mas d<\/span><\/span><span class=\"s3\" style=\"font-size: revert;\"><span class=\"bumpedFont15\">e acordo com a <\/span><\/span><span class=\"s4\" style=\"font-size: revert;\"><span class=\"bumpedFont15\">Associa\u00e7\u00e3o Brasileira de Portadores de Olho Seco (Apos)<\/span><\/span><span class=\"s3\" style=\"font-size: revert;\"><span class=\"bumpedFont15\">,<\/span><\/span><span class=\"s3\" style=\"font-size: revert;\"><span class=\"bumpedFont15\"> hoje a m\u00e9dia \u00e9 de apenas uma piscada <\/span><\/span><span class=\"s3\" style=\"font-size: revert;\"><span class=\"bumpedFont15\">a cada sessenta segundos, por conta do uso cada vez maior de aparelhos eletr\u00f4nicos.<\/span><\/span><\/p>\n<p style=\"text-align: justify;\"><span class=\"s3\"><span class=\"bumpedFont15\">E quando piscamos menos, diminu\u00edmos a lubrifica\u00e7\u00e3o da regi\u00e3o dos olhos, causando o Olho Seco, <\/span><\/span><span class=\"s3\"><span class=\"bumpedFont15\">doen\u00e7a ocular c<\/span><\/span><span class=\"s5\"><span class=\"bumpedFont15\">aracterizada pela diminui\u00e7\u00e3o da produ\u00e7\u00e3o da l\u00e1grima e ressecamento da regi\u00e3o dos olhos. Ao todo, s\u00e3o 18 milh\u00f5es atingidos no pa\u00eds, segundo dados da <\/span><\/span><span class=\"s4\"><span class=\"bumpedFont15\">Associa\u00e7\u00e3o Brasileira de Portadores de Olho Seco (Apos)<\/span><\/span><span class=\"s4\"><span class=\"bumpedFont15\">.<\/span><\/span><\/p>\n<p style=\"text-align: justify;\"><span class=\"s4\"><span class=\"bumpedFont15\">\u201cAo piscar,<\/span><\/span><span class=\"s4\"><span class=\"bumpedFont15\"> renovamos a camada de lip\u00eddios da l\u00e1grima que retarda a sua evapora\u00e7\u00e3o. Quando passamos muito tempo sem piscar, a l\u00e1grima evapora com mais facilidade, deixando o olho mais ressecado. \u00c9 o que acontece quando ficamos concentrados em alguma at<\/span><\/span><span class=\"s4\"><span class=\"bumpedFont15\">ividade: \u2018esquecemos\u2019<\/span><\/span><span class=\"s4\"><span class=\"bumpedFont15\"> de piscar, mesmo que seja uma atividade inconsciente. Hoje em dia i<\/span><\/span><span class=\"s4\"><span class=\"bumpedFont15\">sso acontece frequentemente com<\/span><\/span><span class=\"s4\"><span class=\"bumpedFont15\"> o uso de telas<\/span><\/span><span class=\"s4\"><span class=\"bumpedFont15\">\u201d, explica a oftalmologista Carolina Guimar\u00e3es, do HOPE, hospital integrante da rede Vision <\/span><\/span><span class=\"s4\"><span class=\"bumpedFont15\">One<\/span><\/span><span class=\"s4\"><span class=\"bumpedFont15\">.<\/span><\/span><\/p>\n<p style=\"text-align: justify;\"><span class=\"s4\"><span class=\"bumpedFont15\">As causas<\/span><\/span><span class=\"s4\"><span class=\"bumpedFont15\"> do Olho Seco<\/span><\/span><span class=\"s4\"><span class=\"bumpedFont15\"> s\u00e3o variadas, como <\/span><\/span><span class=\"s3\"><span class=\"bumpedFont15\">m<\/span><\/span><span class=\"s3\"><span class=\"bumpedFont15\">aior uso de telas, <\/span><\/span><span class=\"s3\"><span class=\"bumpedFont15\">polui\u00e7\u00e3o, queimaduras, traumas, entre outros. O inverno tamb\u00e9m \u00e9 um vil\u00e3o, j\u00e1 que por conta da baixa umidade a tend\u00eancia \u00e9 que nossos olhos fiquem ressecados com mais facilidade.<\/span><\/span><\/p>\n<p style=\"text-align: justify;\"><span class=\"s5\"><span class=\"bumpedFont15\">Os principais sintomas <\/span><\/span><span class=\"s5\"><span class=\"bumpedFont15\">da doen\u00e7a<\/span><\/span><span class=\"s5\"><span class=\"bumpedFont15\"> s\u00e3o ardor, irrita\u00e7\u00e3o, sensa\u00e7\u00e3o de areia nos olhos, dificuldade para ficar em lugares com ar condicionado ou em frente do computador e olhos emba\u00e7ados ao final do dia<\/span><\/span><span class=\"s5\"><span class=\"bumpedFont15\">. <\/span><\/span><span class=\"s5\"><span class=\"bumpedFont15\">\u201c<\/span><\/span><span class=\"s3\"><span class=\"bumpedFont15\">A pessoa come\u00e7a a sentir ard\u00eancia nos olhos, sensa\u00e7\u00e3o de corpo estranho e algumas vezes at\u00e9 lacrimejamento, j\u00e1 que o corpo tende a produzir mais l\u00e1grima<\/span><\/span><span class=\"s3\"><span class=\"bumpedFont15\"> numa tentativa de se proteger\u201d, descreve a oftalmologista Carolina Guimar\u00e3es.<\/span><\/span><\/p>\n<p style=\"text-align: justify;\"><span class=\"s3\"><span class=\"bumpedFont15\">A especialista do HOPE ainda orienta como prevenir o Olho Seco.<\/span><\/span> <span class=\"s3\"><span class=\"bumpedFont15\">\u201c\u00c9<\/span><\/span><span class=\"s3\"><span class=\"bumpedFont15\"> essencial evitar os gatilhos para a crise, ou seja, evitar o uso prolongado de telas, evitar ambientes com ar-condicionado por muito tempo ou ambientes secos, locais com muita polui\u00e7\u00e3o ou muito vento tamb\u00e9m podem acarretar os sintomas. Al\u00e9m <\/span><\/span><span class=\"s3\"><span class=\"bumpedFont15\">disso, fazer a higiene dos c\u00edlios para diminuir a oleosidade tamb\u00e9m pode ajudar a evitar o desconforto<\/span><\/span><span class=\"s3\"><span class=\"bumpedFont15\">\u201d, afirma a oftalmologista Carolina Guimar\u00e3es<\/span><\/span><span class=\"s3\"><span class=\"bumpedFont15\">.<\/span><\/span><\/p>\n<p style=\"text-align: justify;\"><span class=\"s5\"><span class=\"bumpedFont15\">Apesar da doen\u00e7a n\u00e3o ter cura, pode ser controlada com a ajuda de um oftalmologista.<\/span><\/span> \u201c<span class=\"s5\"><span class=\"bumpedFont15\">Quando os sintomas prejudicam a qualidade de vida, \u00e9 essencial procurar o oftalmologista para guiar a melhor forma de tratar <\/span><\/span><span class=\"s5\"><span class=\"bumpedFont15\">o olho seco<\/span><\/span><span class=\"s5\"><span class=\"bumpedFont15\">. Existe<\/span><\/span><span class=\"s5\"><span class=\"bumpedFont15\">m<\/span><\/span><span class=\"s5\"><span class=\"bumpedFont15\"> uma s\u00e9rie de medica\u00e7\u00f5es e estrat\u00e9gias de tratamento. N\u00e3o retarde em procurar ajuda, pois o desconforto causado pelo ressecamento \u00e9 capaz de atrapalhar bastante as atividades do dia a dia<\/span><\/span><span class=\"s5\"><span class=\"bumpedFont15\">\u201d, finaliza <\/span><\/span><span class=\"s3\"><span class=\"bumpedFont15\">a oftalmologista Carolina Guimar\u00e3es<\/span><\/span><span class=\"s5\"><span class=\"bumpedFont15\">. Foto: Banco de dados.<\/span><\/span><\/p>\n<p>\u00a0Siga o Instagram do Blog @blogdoedvaldomagalhaes<\/p>\n<p>Se inscreva no canal do Blog no You Tube\u00a0<\/p>\n\n\n<figure class=\"wp-block-image size-large\"><img loading=\"lazy\" decoding=\"async\" width=\"682\" height=\"1024\" src=\"https:\/\/blogdoedvaldomagalhaes.com.br\/wp-content\/uploads\/2023\/07\/F50F930A-4232-4089-92C8-2CA7A389BDE7-682x1024.jpeg\" alt=\"\" class=\"wp-image-98627\" srcset=\"https:\/\/blogdoedvaldomagalhaes.com.br\/wp-content\/uploads\/2023\/07\/F50F930A-4232-4089-92C8-2CA7A389BDE7-682x1024.jpeg 682w, https:\/\/blogdoedvaldomagalhaes.com.br\/wp-content\/uploads\/2023\/07\/F50F930A-4232-4089-92C8-2CA7A389BDE7-200x300.jpeg 200w, https:\/\/blogdoedvaldomagalhaes.com.br\/wp-content\/uploads\/2023\/07\/F50F930A-4232-4089-92C8-2CA7A389BDE7-768x1152.jpeg 768w, https:\/\/blogdoedvaldomagalhaes.com.br\/wp-content\/uploads\/2023\/07\/F50F930A-4232-4089-92C8-2CA7A389BDE7.jpeg 853w\" sizes=\"auto, (max-width: 682px) 100vw, 682px\" \/><figcaption class=\"wp-element-caption\">Foto: Divulga\u00e7\u00e3o <\/figcaption><\/figure>\n","protected":false},"excerpt":{"rendered":"<p>Piscar. Uma rea\u00e7\u00e3o que \u00e9 autom\u00e1tica e fundamental para a sa\u00fade ocular. Mas voc\u00ea sabia que estamos piscando cinco vezes&hellip;<\/p>\n","protected":false},"author":1,"featured_media":98626,"comment_status":"closed","ping_status":"open","sticky":false,"template":"","format":"standard","meta":{"footnotes":""},"categories":[14120],"tags":[2,19532,3406,28051],"class_list":["post-98625","post","type-post","status-publish","format-standard","has-post-thumbnail","hentry","category-noticias","tag-blog-do-edvaldo-magalhaes","tag-blog-mais-acessado-e-visualizado-de-caruaru-e-regiao","tag-caruaru","tag-parte-da-populacao-chega-a-piscar-5-vezes-menos-e-doenca-do-olho-seco-avanca"],"_links":{"self":[{"href":"https:\/\/blogdoedvaldomagalhaes.com.br\/index.php\/wp-json\/wp\/v2\/posts\/98625","targetHints":{"allow":["GET"]}}],"collection":[{"href":"https:\/\/blogdoedvaldomagalhaes.com.br\/index.php\/wp-json\/wp\/v2\/posts"}],"about":[{"href":"https:\/\/blogdoedvaldomagalhaes.com.br\/index.php\/wp-json\/wp\/v2\/types\/post"}],"author":[{"embeddable":true,"href":"https:\/\/blogdoedvaldomagalhaes.com.br\/index.php\/wp-json\/wp\/v2\/users\/1"}],"replies":[{"embeddable":true,"href":"https:\/\/blogdoedvaldomagalhaes.com.br\/index.php\/wp-json\/wp\/v2\/comments?post=98625"}],"version-history":[{"count":1,"href":"https:\/\/blogdoedvaldomagalhaes.com.br\/index.php\/wp-json\/wp\/v2\/posts\/98625\/revisions"}],"predecessor-version":[{"id":98628,"href":"https:\/\/blogdoedvaldomagalhaes.com.br\/index.php\/wp-json\/wp\/v2\/posts\/98625\/revisions\/98628"}],"wp:featuredmedia":[{"embeddable":true,"href":"https:\/\/blogdoedvaldomagalhaes.com.br\/index.php\/wp-json\/wp\/v2\/media\/98626"}],"wp:attachment":[{"href":"https:\/\/blogdoedvaldomagalhaes.com.br\/index.php\/wp-json\/wp\/v2\/media?parent=98625"}],"wp:term":[{"taxonomy":"category","embeddable":true,"href":"https:\/\/blogdoedvaldomagalhaes.com.br\/index.php\/wp-json\/wp\/v2\/categories?post=98625"},{"taxonomy":"post_tag","embeddable":true,"href":"https:\/\/blogdoedvaldomagalhaes.com.br\/index.php\/wp-json\/wp\/v2\/tags?post=98625"}],"curies":[{"name":"wp","href":"https:\/\/api.w.org\/{rel}","templated":true}]}}