{"id":98620,"date":"2023-07-14T11:50:39","date_gmt":"2023-07-14T14:50:39","guid":{"rendered":"https:\/\/blogdoedvaldomagalhaes.com.br\/?p=98620"},"modified":"2023-07-14T11:50:41","modified_gmt":"2023-07-14T14:50:41","slug":"no-ipa-anderson-correia-busca-acoes-para-fortalecer-agricultura-familiar-em-caruaru","status":"publish","type":"post","link":"https:\/\/blogdoedvaldomagalhaes.com.br\/index.php\/2023\/07\/14\/no-ipa-anderson-correia-busca-acoes-para-fortalecer-agricultura-familiar-em-caruaru\/","title":{"rendered":"No IPA, Anderson Correia busca a\u00e7\u00f5es para fortalecer agricultura familiar em Caruaru"},"content":{"rendered":"<p style=\"text-align: justify;\"><span style=\"font-size: revert;\">O vereador Anderson Correia esteve cumprindo agenda na manh\u00e3 desta sexta-feira (14) em Recife, com uma reuni\u00e3o no Instituto Agron\u00f4mico de Pernambuco (IPA). Em pauta com o presidente da institui\u00e7\u00e3o, Joaquim Neto, o parlamentar buscou a\u00e7\u00f5es para fortalecer a agricultura familiar em Caruaru, com atua\u00e7\u00e3o do IPA de forma incisiva para promover medidas estrat\u00e9gicas para os produtores rurais da Capital do Agreste.<\/span><\/p>\n<p style=\"text-align: justify;\">\u201c\u00c9 necess\u00e1rio olhar como um todo para os agricultores de Caruaru e regi\u00e3o, com a\u00e7\u00f5es que promovam um fortalecimento na agricultura familiar, com projetos e medidas oferecidas pelo IPA, que v\u00e1 al\u00e9m da distribui\u00e7\u00e3o de sementes, que tamb\u00e9m \u00e9 muito importante, mas queremos tamb\u00e9m uma abrang\u00eancia maior em assist\u00eancia \u00e0s fam\u00edlias agricultoras da nossa regi\u00e3o. Minha gratid\u00e3o ao presidente Joaquim Neto pela receptividade e por ouvir as demandas do nosso povo\u201d, destacou Anderson. Foto: Divulga\u00e7\u00e3o.<\/p>\n<p style=\"text-align: justify;\">Siga o Instagram do Blog @blogdoedvaldomagalhaes<\/p>\n<p style=\"text-align: justify;\">Se inscreva no canal do Blog no You Tube<\/p>\n","protected":false},"excerpt":{"rendered":"<p>O vereador Anderson Correia esteve cumprindo agenda na manh\u00e3 desta sexta-feira (14) em Recife, com uma reuni\u00e3o no Instituto Agron\u00f4mico&hellip;<\/p>\n","protected":false},"author":1,"featured_media":98621,"comment_status":"closed","ping_status":"open","sticky":false,"template":"","format":"standard","meta":{"footnotes":""},"categories":[14122],"tags":[2,19532,3406,28050,20295],"class_list":["post-98620","post","type-post","status-publish","format-standard","has-post-thumbnail","hentry","category-politica","tag-blog-do-edvaldo-magalhaes","tag-blog-mais-acessado-e-visualizado-de-caruaru-e-regiao","tag-caruaru","tag-no-ipa-anderson-correia-busca-acoes-para-fortalecer-agricultura-familiar-em-caruaru","tag-politica-2"],"_links":{"self":[{"href":"https:\/\/blogdoedvaldomagalhaes.com.br\/index.php\/wp-json\/wp\/v2\/posts\/98620","targetHints":{"allow":["GET"]}}],"collection":[{"href":"https:\/\/blogdoedvaldomagalhaes.com.br\/index.php\/wp-json\/wp\/v2\/posts"}],"about":[{"href":"https:\/\/blogdoedvaldomagalhaes.com.br\/index.php\/wp-json\/wp\/v2\/types\/post"}],"author":[{"embeddable":true,"href":"https:\/\/blogdoedvaldomagalhaes.com.br\/index.php\/wp-json\/wp\/v2\/users\/1"}],"replies":[{"embeddable":true,"href":"https:\/\/blogdoedvaldomagalhaes.com.br\/index.php\/wp-json\/wp\/v2\/comments?post=98620"}],"version-history":[{"count":1,"href":"https:\/\/blogdoedvaldomagalhaes.com.br\/index.php\/wp-json\/wp\/v2\/posts\/98620\/revisions"}],"predecessor-version":[{"id":98622,"href":"https:\/\/blogdoedvaldomagalhaes.com.br\/index.php\/wp-json\/wp\/v2\/posts\/98620\/revisions\/98622"}],"wp:featuredmedia":[{"embeddable":true,"href":"https:\/\/blogdoedvaldomagalhaes.com.br\/index.php\/wp-json\/wp\/v2\/media\/98621"}],"wp:attachment":[{"href":"https:\/\/blogdoedvaldomagalhaes.com.br\/index.php\/wp-json\/wp\/v2\/media?parent=98620"}],"wp:term":[{"taxonomy":"category","embeddable":true,"href":"https:\/\/blogdoedvaldomagalhaes.com.br\/index.php\/wp-json\/wp\/v2\/categories?post=98620"},{"taxonomy":"post_tag","embeddable":true,"href":"https:\/\/blogdoedvaldomagalhaes.com.br\/index.php\/wp-json\/wp\/v2\/tags?post=98620"}],"curies":[{"name":"wp","href":"https:\/\/api.w.org\/{rel}","templated":true}]}}