{"id":98617,"date":"2023-07-14T09:34:01","date_gmt":"2023-07-14T12:34:01","guid":{"rendered":"https:\/\/blogdoedvaldomagalhaes.com.br\/?p=98617"},"modified":"2023-07-14T09:34:54","modified_gmt":"2023-07-14T12:34:54","slug":"pm-captura-dupla-por-assaltos-e-recupera-objetos","status":"publish","type":"post","link":"https:\/\/blogdoedvaldomagalhaes.com.br\/index.php\/2023\/07\/14\/pm-captura-dupla-por-assaltos-e-recupera-objetos\/","title":{"rendered":"PM captura dupla por assaltos e recupera objetos"},"content":{"rendered":"<p style=\"text-align: justify;\"><span style=\"color: initial; font-size: revert;\">Policiais militares da CIPMoto prenderam, em ocorr\u00eancia conclu\u00edda somente na madrugada desta sexta-feira (14\/07), dois homens que estavam cometendo assaltos na orla de Boa Viagem. A equipe fazia rondas no Pina, quando foi acionada pelo r\u00e1dio para a ocorr\u00eancia.<\/span><\/p>\n<p style=\"text-align: justify;\">O efetivo localizou tr\u00eas suspeitos com as caracter\u00edsticas repassadas pela Central, correndo em dire\u00e7\u00e3o a Bras\u00edlia Teimosa. Dois deles foram capturados e com eles havia quatro celulares, tr\u00eas pulseiras de prata, uma faca, uma caixa de som port\u00e1til, um fone de ouvido e um perfume.<\/p>\n<p style=\"text-align: justify;\">Diante dos fatos, os envolvidos, assim como todo o material apreendido, foram conduzidos \u00e0 Delegacia de Pol\u00edcia de Boa Viagem. As v\u00edtimas tamb\u00e9m compareceram e os reconheceram como autores de assaltos, sendo lavrada a pris\u00e3o em flagrante da dupla. Foto: Divulga\u00e7\u00e3o\/PMPE.<\/p>\n<p style=\"text-align: justify;\">Se inscreva no canal do Blog no You Tube<\/p>\n<p style=\"text-align: justify;\">Siga o Instagram do Blog @blogdoedvaldomagalhaes<\/p>\n","protected":false},"excerpt":{"rendered":"<p>Policiais militares da CIPMoto prenderam, em ocorr\u00eancia conclu\u00edda somente na madrugada desta sexta-feira (14\/07), dois homens que estavam cometendo assaltos&hellip;<\/p>\n","protected":false},"author":1,"featured_media":98619,"comment_status":"closed","ping_status":"open","sticky":false,"template":"","format":"standard","meta":{"footnotes":""},"categories":[14121],"tags":[2,19532,3406,28049],"class_list":["post-98617","post","type-post","status-publish","format-standard","has-post-thumbnail","hentry","category-policial","tag-blog-do-edvaldo-magalhaes","tag-blog-mais-acessado-e-visualizado-de-caruaru-e-regiao","tag-caruaru","tag-pm-captura-dupla-por-assaltos-e-recupera-objetos"],"_links":{"self":[{"href":"https:\/\/blogdoedvaldomagalhaes.com.br\/index.php\/wp-json\/wp\/v2\/posts\/98617","targetHints":{"allow":["GET"]}}],"collection":[{"href":"https:\/\/blogdoedvaldomagalhaes.com.br\/index.php\/wp-json\/wp\/v2\/posts"}],"about":[{"href":"https:\/\/blogdoedvaldomagalhaes.com.br\/index.php\/wp-json\/wp\/v2\/types\/post"}],"author":[{"embeddable":true,"href":"https:\/\/blogdoedvaldomagalhaes.com.br\/index.php\/wp-json\/wp\/v2\/users\/1"}],"replies":[{"embeddable":true,"href":"https:\/\/blogdoedvaldomagalhaes.com.br\/index.php\/wp-json\/wp\/v2\/comments?post=98617"}],"version-history":[{"count":1,"href":"https:\/\/blogdoedvaldomagalhaes.com.br\/index.php\/wp-json\/wp\/v2\/posts\/98617\/revisions"}],"predecessor-version":[{"id":98618,"href":"https:\/\/blogdoedvaldomagalhaes.com.br\/index.php\/wp-json\/wp\/v2\/posts\/98617\/revisions\/98618"}],"wp:featuredmedia":[{"embeddable":true,"href":"https:\/\/blogdoedvaldomagalhaes.com.br\/index.php\/wp-json\/wp\/v2\/media\/98619"}],"wp:attachment":[{"href":"https:\/\/blogdoedvaldomagalhaes.com.br\/index.php\/wp-json\/wp\/v2\/media?parent=98617"}],"wp:term":[{"taxonomy":"category","embeddable":true,"href":"https:\/\/blogdoedvaldomagalhaes.com.br\/index.php\/wp-json\/wp\/v2\/categories?post=98617"},{"taxonomy":"post_tag","embeddable":true,"href":"https:\/\/blogdoedvaldomagalhaes.com.br\/index.php\/wp-json\/wp\/v2\/tags?post=98617"}],"curies":[{"name":"wp","href":"https:\/\/api.w.org\/{rel}","templated":true}]}}