{"id":98614,"date":"2023-07-14T09:11:15","date_gmt":"2023-07-14T12:11:15","guid":{"rendered":"https:\/\/blogdoedvaldomagalhaes.com.br\/?p=98614"},"modified":"2023-07-14T09:11:17","modified_gmt":"2023-07-14T12:11:17","slug":"artistas-caruaruenses-expoem-pecas-em-varios-locais-na-fenearte","status":"publish","type":"post","link":"https:\/\/blogdoedvaldomagalhaes.com.br\/index.php\/2023\/07\/14\/artistas-caruaruenses-expoem-pecas-em-varios-locais-na-fenearte\/","title":{"rendered":"Artistas caruaruenses exp\u00f5em pe\u00e7as em v\u00e1rios locais na Fenearte"},"content":{"rendered":"<p style=\"text-align: justify;\"><span style=\"color: initial; font-size: revert;\">A Funda\u00e7\u00e3o de Cultura de Caruaru est\u00e1 participando da Fenearte 2023 mostrando a cultura caruaruense, em um estande bem harmonioso. A edi\u00e7\u00e3o deste ano acontece de 5 a 16 de julho, de segunda \u00e0 sexta, das 14h \u00e0s 22h, s\u00e1bado e domingo, das 10h \u00e0s 22h, no Centro de Conven\u00e7\u00f5es de Pernambuco (Av. Prof. Andrade Bezerra, S\/N, Olinda).<\/span><\/p>\n<p style=\"text-align: justify;\">O estande est\u00e1 localizado no pavilh\u00e3o verde e v\u00e1rios artistas caruaruenses tamb\u00e9m est\u00e3o expondo suas pe\u00e7as em locais espalhados pelo Centro de Conven\u00e7\u00f5es de Pernambuco, como: Fam\u00edlia Vitalino, Fam\u00edlia Rodrigues, Fam\u00edlia Eud\u00f3cio, Fam\u00edlia Luiz Ant\u00f4nio entre outras. Neste ano, os loiceros de Pernambuco s\u00e3o os homenageados, numa rever\u00eancia a origem da cer\u00e2mica brasileira.<\/p>\n<p style=\"text-align: justify;\">A Fenearte \u00e9 a maior feira de artesato da Am\u00e9rica Latina e re\u00fane artes\u00e3os de todo o Brasil e de algumas partes do mundo. Sendo ela o epicentro da arte popular.<\/p>\n<p style=\"text-align: justify;\">&#8220;A ideia do estande era que fosse algo vivo. Como o tema fala sobre os louceiros, n\u00e3o poderia fugir do barro, do artesanato, do que \u00e9 feito com as m\u00e3os. Trazer algo que despertasse nas pessoas o desejo de conhecer Caruaru. Por isso, a proposta \u00e9 mostrar elementos da feira, dos nossos artistas que retratam t\u00e3o bem a nossa cultura, que de forma harmoniosa deu vida ao estande&#8221;, comentou a Gerente da Funda\u00e7\u00e3o de Cultura e idealizadora do estande, Fernanda Marques. Foto: Divulga\u00e7\u00e3o.<\/p>\n<p>Se inscreva no canal do Blog no You Tube<\/p>\n<p style=\"text-align: justify;\">Siga o Instagram do Blog @blogdoedvaldomagalhaes<\/p>\n","protected":false},"excerpt":{"rendered":"<p>A Funda\u00e7\u00e3o de Cultura de Caruaru est\u00e1 participando da Fenearte 2023 mostrando a cultura caruaruense, em um estande bem harmonioso.&hellip;<\/p>\n","protected":false},"author":1,"featured_media":98615,"comment_status":"closed","ping_status":"open","sticky":false,"template":"","format":"standard","meta":{"footnotes":""},"categories":[14120],"tags":[28048,2,19532,3406],"class_list":["post-98614","post","type-post","status-publish","format-standard","has-post-thumbnail","hentry","category-noticias","tag-artistas-caruaruenses-expoem-pecas-em-varios-locais-na-fenearte","tag-blog-do-edvaldo-magalhaes","tag-blog-mais-acessado-e-visualizado-de-caruaru-e-regiao","tag-caruaru"],"_links":{"self":[{"href":"https:\/\/blogdoedvaldomagalhaes.com.br\/index.php\/wp-json\/wp\/v2\/posts\/98614","targetHints":{"allow":["GET"]}}],"collection":[{"href":"https:\/\/blogdoedvaldomagalhaes.com.br\/index.php\/wp-json\/wp\/v2\/posts"}],"about":[{"href":"https:\/\/blogdoedvaldomagalhaes.com.br\/index.php\/wp-json\/wp\/v2\/types\/post"}],"author":[{"embeddable":true,"href":"https:\/\/blogdoedvaldomagalhaes.com.br\/index.php\/wp-json\/wp\/v2\/users\/1"}],"replies":[{"embeddable":true,"href":"https:\/\/blogdoedvaldomagalhaes.com.br\/index.php\/wp-json\/wp\/v2\/comments?post=98614"}],"version-history":[{"count":1,"href":"https:\/\/blogdoedvaldomagalhaes.com.br\/index.php\/wp-json\/wp\/v2\/posts\/98614\/revisions"}],"predecessor-version":[{"id":98616,"href":"https:\/\/blogdoedvaldomagalhaes.com.br\/index.php\/wp-json\/wp\/v2\/posts\/98614\/revisions\/98616"}],"wp:featuredmedia":[{"embeddable":true,"href":"https:\/\/blogdoedvaldomagalhaes.com.br\/index.php\/wp-json\/wp\/v2\/media\/98615"}],"wp:attachment":[{"href":"https:\/\/blogdoedvaldomagalhaes.com.br\/index.php\/wp-json\/wp\/v2\/media?parent=98614"}],"wp:term":[{"taxonomy":"category","embeddable":true,"href":"https:\/\/blogdoedvaldomagalhaes.com.br\/index.php\/wp-json\/wp\/v2\/categories?post=98614"},{"taxonomy":"post_tag","embeddable":true,"href":"https:\/\/blogdoedvaldomagalhaes.com.br\/index.php\/wp-json\/wp\/v2\/tags?post=98614"}],"curies":[{"name":"wp","href":"https:\/\/api.w.org\/{rel}","templated":true}]}}