{"id":98609,"date":"2023-07-14T08:49:32","date_gmt":"2023-07-14T11:49:32","guid":{"rendered":"https:\/\/blogdoedvaldomagalhaes.com.br\/?p=98609"},"modified":"2023-07-14T14:03:00","modified_gmt":"2023-07-14T17:03:00","slug":"policia-desarticula-organizacoes-criminosas-voltadas-as-praticas-de-homicidio-qualificado-e-trafico-de-drogas-em-caruaru","status":"publish","type":"post","link":"https:\/\/blogdoedvaldomagalhaes.com.br\/index.php\/2023\/07\/14\/policia-desarticula-organizacoes-criminosas-voltadas-as-praticas-de-homicidio-qualificado-e-trafico-de-drogas-em-caruaru\/","title":{"rendered":"Pol\u00edcia desarticula Organiza\u00e7\u00f5es Criminosas voltadas \u00e0s pr\u00e1ticas de homic\u00eddio qualificado e tr\u00e1fico de drogas, em Caruaru"},"content":{"rendered":"<p style=\"text-align: justify;\"><span style=\"font-size: revert;\">A Pol\u00edcia Civil desencadeou na manh\u00e3 desta sexta-feira (14\/07), a Opera\u00e7\u00e3o de Interven\u00e7\u00e3o Tatica \u201cUNITAS JULHO SEGURO\u201d, vinculada \u00e0 Diretoria Integrada do Interior I \u2013 DINTER I, sob as presid\u00eancias dos Delegado Marcio Cruz e Polyana Figueiredo, Titulares da Delegacia de Pol\u00edcia da 88a Circunscri\u00e7\u00e3o &#8211; Caruaru e da 19 DPH Caruaru, unidades integrantes da 14a Delegacia Seccional \u2013 14a DESEC e da DHA &#8211; Caruaru.<\/span><\/p>\n<p style=\"text-align: justify;\">As investiga\u00e7oes foram iniciadas em Maio de 2023, com o objetivo de identificar e desarticular Organiza\u00e7\u00f5es Criminosas voltadas \u00e0s pr\u00e1ticas dos seguintes crimes: Homic\u00eddio Qualificado, Tr\u00e1fico de drogas, Associa\u00e7\u00e3o para o Tr\u00e1fico.<\/p>\n<p style=\"text-align: justify;\">Nesta sexta-feira (14.07), est\u00e3o sendo cumpridos 06 (seis) Mandados de Pris\u00e3o e 05 (cinco) Mandados de Busca e Apreens\u00e3o Domiciliar, todos expedidos pelos Ju\u00edzos da Vara Criminal e do J\u00fari de Caruaru.<\/p>\n<p style=\"text-align: justify;\">Na execu\u00e7\u00e3o est\u00e3o sendo empregados 35 (trinta e cinco) Policiais Civis, entre Delegados, Agentes e Escriv\u00e3es, com o apoio de 08 (oito) policiais militares. Foto: Divulga\u00e7\u00e3o\/PMPE.<\/p>\n<p style=\"text-align: justify;\">Se inscreva no canal do Blog no You Tube<\/p>\n<p style=\"text-align: justify;\">Siga o Instagram do Blog @blogdoedvaldomagalhaes<\/p>\n\n\n<figure class=\"wp-block-image size-large\"><img loading=\"lazy\" decoding=\"async\" width=\"1024\" height=\"576\" src=\"https:\/\/blogdoedvaldomagalhaes.com.br\/wp-content\/uploads\/2023\/07\/848C0449-14F4-4E78-92DD-5D55699020EA-1024x576.jpeg\" alt=\"\" class=\"wp-image-98623\" srcset=\"https:\/\/blogdoedvaldomagalhaes.com.br\/wp-content\/uploads\/2023\/07\/848C0449-14F4-4E78-92DD-5D55699020EA-1024x576.jpeg 1024w, https:\/\/blogdoedvaldomagalhaes.com.br\/wp-content\/uploads\/2023\/07\/848C0449-14F4-4E78-92DD-5D55699020EA-300x169.jpeg 300w, https:\/\/blogdoedvaldomagalhaes.com.br\/wp-content\/uploads\/2023\/07\/848C0449-14F4-4E78-92DD-5D55699020EA-768x432.jpeg 768w, https:\/\/blogdoedvaldomagalhaes.com.br\/wp-content\/uploads\/2023\/07\/848C0449-14F4-4E78-92DD-5D55699020EA-1536x864.jpeg 1536w, https:\/\/blogdoedvaldomagalhaes.com.br\/wp-content\/uploads\/2023\/07\/848C0449-14F4-4E78-92DD-5D55699020EA-2048x1152.jpeg 2048w, https:\/\/blogdoedvaldomagalhaes.com.br\/wp-content\/uploads\/2023\/07\/848C0449-14F4-4E78-92DD-5D55699020EA-1140x641.jpeg 1140w, https:\/\/blogdoedvaldomagalhaes.com.br\/wp-content\/uploads\/2023\/07\/848C0449-14F4-4E78-92DD-5D55699020EA-720x405.jpeg 720w\" sizes=\"auto, (max-width: 1024px) 100vw, 1024px\" \/><\/figure>\n","protected":false},"excerpt":{"rendered":"<p>A Pol\u00edcia Civil desencadeou na manh\u00e3 desta sexta-feira (14\/07), a Opera\u00e7\u00e3o de Interven\u00e7\u00e3o Tatica \u201cUNITAS JULHO SEGURO\u201d, vinculada \u00e0 Diretoria&hellip;<\/p>\n","protected":false},"author":1,"featured_media":98610,"comment_status":"closed","ping_status":"open","sticky":false,"template":"","format":"standard","meta":{"footnotes":""},"categories":[14121],"tags":[2,19532,3406,28047],"class_list":["post-98609","post","type-post","status-publish","format-standard","has-post-thumbnail","hentry","category-policial","tag-blog-do-edvaldo-magalhaes","tag-blog-mais-acessado-e-visualizado-de-caruaru-e-regiao","tag-caruaru","tag-policia-civil-desarticula-organizacoes-criminosas-voltadas-as-praticas-de-homicidio-qualificado-e-trafico-de-drogas-em-caruaru"],"_links":{"self":[{"href":"https:\/\/blogdoedvaldomagalhaes.com.br\/index.php\/wp-json\/wp\/v2\/posts\/98609","targetHints":{"allow":["GET"]}}],"collection":[{"href":"https:\/\/blogdoedvaldomagalhaes.com.br\/index.php\/wp-json\/wp\/v2\/posts"}],"about":[{"href":"https:\/\/blogdoedvaldomagalhaes.com.br\/index.php\/wp-json\/wp\/v2\/types\/post"}],"author":[{"embeddable":true,"href":"https:\/\/blogdoedvaldomagalhaes.com.br\/index.php\/wp-json\/wp\/v2\/users\/1"}],"replies":[{"embeddable":true,"href":"https:\/\/blogdoedvaldomagalhaes.com.br\/index.php\/wp-json\/wp\/v2\/comments?post=98609"}],"version-history":[{"count":3,"href":"https:\/\/blogdoedvaldomagalhaes.com.br\/index.php\/wp-json\/wp\/v2\/posts\/98609\/revisions"}],"predecessor-version":[{"id":98624,"href":"https:\/\/blogdoedvaldomagalhaes.com.br\/index.php\/wp-json\/wp\/v2\/posts\/98609\/revisions\/98624"}],"wp:featuredmedia":[{"embeddable":true,"href":"https:\/\/blogdoedvaldomagalhaes.com.br\/index.php\/wp-json\/wp\/v2\/media\/98610"}],"wp:attachment":[{"href":"https:\/\/blogdoedvaldomagalhaes.com.br\/index.php\/wp-json\/wp\/v2\/media?parent=98609"}],"wp:term":[{"taxonomy":"category","embeddable":true,"href":"https:\/\/blogdoedvaldomagalhaes.com.br\/index.php\/wp-json\/wp\/v2\/categories?post=98609"},{"taxonomy":"post_tag","embeddable":true,"href":"https:\/\/blogdoedvaldomagalhaes.com.br\/index.php\/wp-json\/wp\/v2\/tags?post=98609"}],"curies":[{"name":"wp","href":"https:\/\/api.w.org\/{rel}","templated":true}]}}