{"id":98606,"date":"2023-07-13T22:35:02","date_gmt":"2023-07-14T01:35:02","guid":{"rendered":"https:\/\/blogdoedvaldomagalhaes.com.br\/?p=98606"},"modified":"2023-07-13T22:35:03","modified_gmt":"2023-07-14T01:35:03","slug":"4o-festcine-itauna-acontece-entre-os-dias-19-a-23-de-julho-em-caruaru","status":"publish","type":"post","link":"https:\/\/blogdoedvaldomagalhaes.com.br\/index.php\/2023\/07\/13\/4o-festcine-itauna-acontece-entre-os-dias-19-a-23-de-julho-em-caruaru\/","title":{"rendered":"4\u00ba FestCine Ita\u00fana acontece entre os dias 19 a 23 de julho em Caruaru"},"content":{"rendered":"<div style=\"text-align: justify;\">O FestCine Ita\u00fana \u2013 Festival Internacional de Cinema de Ita\u00fana chega a sua quarta edi\u00e7\u00e3o, de forma h\u00edbrida (online e presencial), com exibi\u00e7\u00e3o presencial de mais de 78<span style=\"color: #000000;\">\u00a0filmes (curtas e longas)\u00a0<\/span>e mais 70 filmes dispon\u00edveis apenas no site<span style=\"color: #000000;\">. Entre os de<\/span>staques, est\u00e3o o longa-metragem &#8220;A M\u00e3e&#8221;, do diretor Cristiano Burlan, e diversas oficinas.<\/div>\n<div style=\"text-align: justify;\">\nCom uma programa\u00e7\u00e3o repleta de atra\u00e7\u00f5es culturais, as exibi\u00e7\u00f5es do FestCine Ita\u00fana acontecer\u00e3o na Vila Ita\u00fana, zona rural de Caruaru-PE entre os dias 19 a 23 de julho.<\/div>\n<div style=\"text-align: justify;\"><\/div>\n<div style=\"text-align: justify;\">O evento tem realiza\u00e7\u00e3o do diretor e produtor audiovisual Paulo Concei\u00e7\u00e3o e o p\u00fablico tamb\u00e9m poder\u00e1 conferir as produ\u00e7\u00f5es pelo site do festival. Al\u00e9m das exibi\u00e7\u00f5es, a\u00e7\u00f5es formativas comp\u00f5em o evento: &#8220;Oficina de Roteiro para Cinema&#8221; com o professor e cineasta Bertrand Lira,\u00a0Oficina &#8220;Atuando No Audiovisual&#8221; com o ator e diretor Luciano Torres e o bate-papo &#8220;Cinema, \u00c1gua, A\u00e7\u00e3o&#8221; com o professor\u00a0Jo\u00e3o Domingos.<\/div>\n<div style=\"text-align: justify;\"><\/div>\n<div style=\"text-align: justify;\">O FestCine Ita\u00fana conta com o apoio das empresas &#8220;Amigas da Arte&#8221;:\u00a0Palco Show, General Mills\/Yoki, Cardeal Distribuidora, Mistika, Cardume, Cia Bacurau Cultural e tamb\u00e9m da Prefeitura Municipal de Caruaru.<\/div>\n<div style=\"text-align: justify;\"><\/div>\n<div style=\"text-align: justify;\">Confira a programa\u00e7\u00e3o completa:<\/div>\n<div style=\"text-align: justify;\">\n<b>19\/07\/2023 (quarta)<\/b><br \/>\n09:00 Abertura do festival<br \/>\n09:30 Apresenta\u00e7\u00e3o cultural (Secretaria de Educa\u00e7\u00e3o e Esportes de Caruaru)<br \/>\n10:00 \u00e0s 11:50 Exibi\u00e7\u00e3o das mostras estudantil e universit\u00e1ria (com o filme \u201cM\u00e3es para sempre\u201d produzido por estudantes de Ita\u00fana)<br \/>\n12:00 Encerramento das exibi\u00e7\u00f5es e apresenta\u00e7\u00e3o cultural<br \/>\n&#8211;<br \/>\n17:00 Abertura do festival e apresenta\u00e7\u00e3o<br \/>\n17:30 Exibi\u00e7\u00e3o de filme convidado<br \/>\n18:00 Exibi\u00e7\u00e3o da mostra universit\u00e1ria e internacional<br \/>\n20:00 Exibi\u00e7\u00e3o de filme longa-metragem da mostra Moc\u00f3<br \/>\n21:30 Encerramento e apresenta\u00e7\u00e3o cultural<\/p>\n<p><b>20\/07\/2023 (quinta)<\/b><br \/>\n09:00 Abertura do festival<br \/>\n09:30 Apresenta\u00e7\u00e3o cultural (Secretaria de Educa\u00e7\u00e3o e Esportes de Caruaru)<br \/>\n10:00 \u00e0s 11:50 Exibi\u00e7\u00e3o das mostras estudantil e universit\u00e1ria (com o filme \u201cEstranhos\u201d produzido por estudantes da Escola Municipal Iva do Carmo)<br \/>\n11:30 Interven\u00e7\u00e3o art\u00edstica com teatro lambe-lambe (Grupo Long\u00e2nime &#8211; Recife-PE)<br \/>\n12:00 Encerramento das exibi\u00e7\u00f5es<br \/>\n&#8211;<br \/>\n17:00 Abertura do festival<br \/>\n17:30 Exibi\u00e7\u00e3o de filme convidado<br \/>\n18:00 Exibi\u00e7\u00e3o das mostras universit\u00e1ria e internacional<br \/>\n20:00 Exibi\u00e7\u00e3o de longa-metragem da mostra Moc\u00f3<br \/>\n21:30 Encerramento das exibi\u00e7\u00f5es e sorteios<\/p>\n<p><b>21\/07\/2023 (sexta)<\/b><br \/>\n09:00 Abertura do festival<br \/>\n09:30 Apresenta\u00e7\u00e3o cultural e Oficina de Barro com Camila Haydee<br \/>\n10:00 \u00e0s 11:30 Exibi\u00e7\u00e3o de filmes da mostra universit\u00e1ria (com os filmes produzidos por estudantes da Escola Municipal Iva do Carmo e Alfredo Pinto)<br \/>\n11:50 Apresenta\u00e7\u00e3o cultural (Projeto Juventude Vitalina &#8211; SDSDH)<br \/>\n12:00 Encerramento das exibi\u00e7\u00f5es da Mostra Estudantil e entrega dos certificados e premia\u00e7\u00f5es aos estudantes da rede municipal de Caruaru<br \/>\n&#8211;<br \/>\n17:00 Abertura do festival<br \/>\n18:30 Exibi\u00e7\u00e3o de filme convidado<br \/>\n19:00 Exibi\u00e7\u00e3o da Mostra Universit\u00e1ria<br \/>\n20:00 Encerramento e apresenta\u00e7\u00e3o musical com Gabriel Cantador<\/p>\n<p><b>22\/07\/2023 (s\u00e1bado)<\/b><br \/>\n09:00 Abertura do festival<br \/>\n09:30 \u00e0s 11:30 Exibi\u00e7\u00e3o das mostras universit\u00e1ria e internacional<br \/>\n11:30 Workshop \u201cFotografia em A\u00e7\u00e3o\u201d com Isa\u00edas Fortuna<br \/>\n&#8211;<br \/>\n17:00 Abertura do festival<br \/>\n17:30 \u00a0Apresenta\u00e7\u00e3o cultural (Projeto Juventude Vitalina &#8211; SDSDH)<br \/>\n18:00 Exibi\u00e7\u00e3o de filme convidado (\u201cMulheres Empreendedores\u201d da Secretaria de Pol\u00edticas para as Mulheres)<br \/>\n19:00 Exibi\u00e7\u00e3o da Mostra Universit\u00e1ria<br \/>\n20:30 Encerramento com apresenta\u00e7\u00e3o musical da cantora Werika Barboza<\/p>\n<p><b>23\/07\/2023 (domingo)<\/b><br \/>\n09:00 Abertura do festival<br \/>\n09:30 \u00e0s 11:30 Exibi\u00e7\u00e3o das mostras universit\u00e1ria e internacional<br \/>\n11:30 Workshop \u201cFotografia em A\u00e7\u00e3o\u201d com Isa\u00edas Fortuna e Oficina de Barro com Camila Haydee<br \/>\n&#8211;<br \/>\n17:00 Abertura do festival<br \/>\n17:30 Exibi\u00e7\u00e3o do filme convidado \u201cA M\u00e3e\u201d de Cristiano Burlan<br \/>\n19:00 \u00e0s 20:00 Premia\u00e7\u00e3o das Mostras Competitivas e entrega dos trof\u00e9us Amigos da Cultura aos apoiadores do festival<br \/>\n20:30 Encerramento com show do cantor Alef Silva<\/p>\n<\/div>\n<div style=\"text-align: justify;\">A programa\u00e7\u00e3o completa com os filmes selecionados e maiores informa\u00e7\u00f5es est\u00e3o no site do evento (<a href=\"https:\/\/linktr.ee\/festcineitauna\" target=\"_blank\" rel=\"noopener noreferrer\" data-saferedirecturl=\"https:\/\/www.google.com\/url?q=https:\/\/linktr.ee\/festcineitauna&amp;source=gmail&amp;ust=1689338398187000&amp;usg=AOvVaw1CvXOYEJl_iHOz1si2EyP1\">https:\/\/linktr.ee\/<wbr \/>festcineitauna<\/a>) ou nas m\u00eddias sociais (<a href=\"https:\/\/www.instagram.com\/festcineitauna\/\" target=\"_blank\" rel=\"noopener noreferrer\" data-saferedirecturl=\"https:\/\/www.google.com\/url?q=https:\/\/www.instagram.com\/festcineitauna\/&amp;source=gmail&amp;ust=1689338398187000&amp;usg=AOvVaw3NmI-ofaTsKHoXcaLWqkhx\">https:\/\/www.instagram.com\/<wbr \/>festcineitauna\/<\/a>). Foto: Divulga\u00e7\u00e3o.<\/div>\n<div style=\"text-align: justify;\">Se inscreva no canal do Blog no You Tube<\/div>\n<div style=\"text-align: justify;\">Siga o Instagram do Blog @blogdoedvaldomagalhaes<\/div>\n<div class=\"signature-text\">\n<div><\/div>\n<\/div>\n","protected":false},"excerpt":{"rendered":"<p>O FestCine Ita\u00fana \u2013 Festival Internacional de Cinema de Ita\u00fana chega a sua quarta edi\u00e7\u00e3o, de forma h\u00edbrida (online e&hellip;<\/p>\n","protected":false},"author":1,"featured_media":98607,"comment_status":"closed","ping_status":"open","sticky":false,"template":"","format":"standard","meta":{"footnotes":""},"categories":[14120],"tags":[28046,2,19532,3406],"class_list":["post-98606","post","type-post","status-publish","format-standard","has-post-thumbnail","hentry","category-noticias","tag-4o-festcine-itauna-acontece-entre-os-dias-19-a-23-de-julho-em-caruaru","tag-blog-do-edvaldo-magalhaes","tag-blog-mais-acessado-e-visualizado-de-caruaru-e-regiao","tag-caruaru"],"_links":{"self":[{"href":"https:\/\/blogdoedvaldomagalhaes.com.br\/index.php\/wp-json\/wp\/v2\/posts\/98606","targetHints":{"allow":["GET"]}}],"collection":[{"href":"https:\/\/blogdoedvaldomagalhaes.com.br\/index.php\/wp-json\/wp\/v2\/posts"}],"about":[{"href":"https:\/\/blogdoedvaldomagalhaes.com.br\/index.php\/wp-json\/wp\/v2\/types\/post"}],"author":[{"embeddable":true,"href":"https:\/\/blogdoedvaldomagalhaes.com.br\/index.php\/wp-json\/wp\/v2\/users\/1"}],"replies":[{"embeddable":true,"href":"https:\/\/blogdoedvaldomagalhaes.com.br\/index.php\/wp-json\/wp\/v2\/comments?post=98606"}],"version-history":[{"count":1,"href":"https:\/\/blogdoedvaldomagalhaes.com.br\/index.php\/wp-json\/wp\/v2\/posts\/98606\/revisions"}],"predecessor-version":[{"id":98608,"href":"https:\/\/blogdoedvaldomagalhaes.com.br\/index.php\/wp-json\/wp\/v2\/posts\/98606\/revisions\/98608"}],"wp:featuredmedia":[{"embeddable":true,"href":"https:\/\/blogdoedvaldomagalhaes.com.br\/index.php\/wp-json\/wp\/v2\/media\/98607"}],"wp:attachment":[{"href":"https:\/\/blogdoedvaldomagalhaes.com.br\/index.php\/wp-json\/wp\/v2\/media?parent=98606"}],"wp:term":[{"taxonomy":"category","embeddable":true,"href":"https:\/\/blogdoedvaldomagalhaes.com.br\/index.php\/wp-json\/wp\/v2\/categories?post=98606"},{"taxonomy":"post_tag","embeddable":true,"href":"https:\/\/blogdoedvaldomagalhaes.com.br\/index.php\/wp-json\/wp\/v2\/tags?post=98606"}],"curies":[{"name":"wp","href":"https:\/\/api.w.org\/{rel}","templated":true}]}}