{"id":98588,"date":"2023-07-13T19:35:06","date_gmt":"2023-07-13T22:35:06","guid":{"rendered":"https:\/\/blogdoedvaldomagalhaes.com.br\/?p=98588"},"modified":"2023-07-13T21:53:04","modified_gmt":"2023-07-14T00:53:04","slug":"dono-de-lava-jato-e-morto-com-varios-tiros-dentro-do-proprio-estabelecimento-comercial-em-caruaru","status":"publish","type":"post","link":"https:\/\/blogdoedvaldomagalhaes.com.br\/index.php\/2023\/07\/13\/dono-de-lava-jato-e-morto-com-varios-tiros-dentro-do-proprio-estabelecimento-comercial-em-caruaru\/","title":{"rendered":"Dono de Lava Jato \u00e9 morto com v\u00e1rios tiros dentro do pr\u00f3prio estabelecimento em Caruaru"},"content":{"rendered":"<p style=\"text-align: justify;\">Um homem foi assassinado no final da tarde desta quinta-feira (13), \u00a0na rua Joaquim Tabosa, no bairro Mauricio de Nassau, em Caruaru. O dono de um Lava Jato foi executado com v\u00e1rios tiros. Natanael Anast\u00e1cio Pereira, conhecido como \u201cNatan do Lava Jato\u201d, de 32 anos, foi morto no momento em que estava trabalhando. Segundo informa\u00e7\u00f5es, Natan era ex-presidi\u00e1rio acusado de ter praticado um homic\u00eddio no distrito de Bola, no munic\u00edpio de Panelas.<\/p>\n<p style=\"text-align: justify;\">A pol\u00edcia informou que quatro homens chegaram no estacionamento comercial em um ve\u00edculo Fiat Strada de cor vermelha e praticaram o crime de morte. A PM fez o acompanhamento do ve\u00edculo atrav\u00e9s das c\u00e2meras de monitoramento da Secretaria de Defesa Social (SDS). Os acusados tomaram destino Agrestina pela BR 104, as viaturas policiais seguiram no encal\u00e7o, houve troca de tiros, mas, os acusados conseguiram se evadir.<\/p>\n<p style=\"text-align: justify;\">Este \u00e9 o 5\u00b0 homic\u00eddio no m\u00eas de julho, e o \u00a080\u00b0 no ano de 2023, em Caruaru.<\/p>\n<p style=\"text-align: justify;\">Siga o Instagram do Blog @blogdoedvaldomagalhaes<\/p>\n<p style=\"text-align: justify;\">Se inscreva no canal do Blog no You Tube<\/p>\n\n\n<figure class=\"wp-block-image size-large\"><img loading=\"lazy\" decoding=\"async\" width=\"1024\" height=\"768\" src=\"https:\/\/blogdoedvaldomagalhaes.com.br\/wp-content\/uploads\/2023\/07\/9E7F63E5-58E9-4E45-8A7D-A130E8F72FDE-1024x768.jpeg\" alt=\"\" class=\"wp-image-98604\" srcset=\"https:\/\/blogdoedvaldomagalhaes.com.br\/wp-content\/uploads\/2023\/07\/9E7F63E5-58E9-4E45-8A7D-A130E8F72FDE-1024x768.jpeg 1024w, https:\/\/blogdoedvaldomagalhaes.com.br\/wp-content\/uploads\/2023\/07\/9E7F63E5-58E9-4E45-8A7D-A130E8F72FDE-300x225.jpeg 300w, https:\/\/blogdoedvaldomagalhaes.com.br\/wp-content\/uploads\/2023\/07\/9E7F63E5-58E9-4E45-8A7D-A130E8F72FDE-768x576.jpeg 768w, https:\/\/blogdoedvaldomagalhaes.com.br\/wp-content\/uploads\/2023\/07\/9E7F63E5-58E9-4E45-8A7D-A130E8F72FDE-1536x1152.jpeg 1536w, https:\/\/blogdoedvaldomagalhaes.com.br\/wp-content\/uploads\/2023\/07\/9E7F63E5-58E9-4E45-8A7D-A130E8F72FDE-160x120.jpeg 160w, https:\/\/blogdoedvaldomagalhaes.com.br\/wp-content\/uploads\/2023\/07\/9E7F63E5-58E9-4E45-8A7D-A130E8F72FDE.jpeg 1600w\" sizes=\"auto, (max-width: 1024px) 100vw, 1024px\" \/><figcaption class=\"wp-element-caption\">Fotos do jornalista Kalebe Pereira <\/figcaption><\/figure>\n","protected":false},"excerpt":{"rendered":"<p>Um homem foi assassinado no final da tarde desta quinta-feira (13), \u00a0na rua Joaquim Tabosa, no bairro Mauricio de Nassau,&hellip;<\/p>\n","protected":false},"author":1,"featured_media":98592,"comment_status":"closed","ping_status":"open","sticky":false,"template":"","format":"standard","meta":{"footnotes":""},"categories":[14121],"tags":[2,19532,3406,28045,5448],"class_list":["post-98588","post","type-post","status-publish","format-standard","has-post-thumbnail","hentry","category-policial","tag-blog-do-edvaldo-magalhaes","tag-blog-mais-acessado-e-visualizado-de-caruaru-e-regiao","tag-caruaru","tag-dono-de-lava-jato-e-morto-com-varios-tiros-dentro-de-estabelecimento-comercial-em-caruaru","tag-homicidio"],"_links":{"self":[{"href":"https:\/\/blogdoedvaldomagalhaes.com.br\/index.php\/wp-json\/wp\/v2\/posts\/98588","targetHints":{"allow":["GET"]}}],"collection":[{"href":"https:\/\/blogdoedvaldomagalhaes.com.br\/index.php\/wp-json\/wp\/v2\/posts"}],"about":[{"href":"https:\/\/blogdoedvaldomagalhaes.com.br\/index.php\/wp-json\/wp\/v2\/types\/post"}],"author":[{"embeddable":true,"href":"https:\/\/blogdoedvaldomagalhaes.com.br\/index.php\/wp-json\/wp\/v2\/users\/1"}],"replies":[{"embeddable":true,"href":"https:\/\/blogdoedvaldomagalhaes.com.br\/index.php\/wp-json\/wp\/v2\/comments?post=98588"}],"version-history":[{"count":7,"href":"https:\/\/blogdoedvaldomagalhaes.com.br\/index.php\/wp-json\/wp\/v2\/posts\/98588\/revisions"}],"predecessor-version":[{"id":98605,"href":"https:\/\/blogdoedvaldomagalhaes.com.br\/index.php\/wp-json\/wp\/v2\/posts\/98588\/revisions\/98605"}],"wp:featuredmedia":[{"embeddable":true,"href":"https:\/\/blogdoedvaldomagalhaes.com.br\/index.php\/wp-json\/wp\/v2\/media\/98592"}],"wp:attachment":[{"href":"https:\/\/blogdoedvaldomagalhaes.com.br\/index.php\/wp-json\/wp\/v2\/media?parent=98588"}],"wp:term":[{"taxonomy":"category","embeddable":true,"href":"https:\/\/blogdoedvaldomagalhaes.com.br\/index.php\/wp-json\/wp\/v2\/categories?post=98588"},{"taxonomy":"post_tag","embeddable":true,"href":"https:\/\/blogdoedvaldomagalhaes.com.br\/index.php\/wp-json\/wp\/v2\/tags?post=98588"}],"curies":[{"name":"wp","href":"https:\/\/api.w.org\/{rel}","templated":true}]}}