{"id":98584,"date":"2023-07-13T19:03:11","date_gmt":"2023-07-13T22:03:11","guid":{"rendered":"https:\/\/blogdoedvaldomagalhaes.com.br\/?p=98584"},"modified":"2023-07-13T19:03:12","modified_gmt":"2023-07-13T22:03:12","slug":"relatorio-do-sao-joao-sustentavel-e-apresentado-no-conselho-municipal-de-defesa-do-meio-ambiente-de-caruaru","status":"publish","type":"post","link":"https:\/\/blogdoedvaldomagalhaes.com.br\/index.php\/2023\/07\/13\/relatorio-do-sao-joao-sustentavel-e-apresentado-no-conselho-municipal-de-defesa-do-meio-ambiente-de-caruaru\/","title":{"rendered":"Relat\u00f3rio do S\u00e3o Jo\u00e3o Sustent\u00e1vel \u00e9 apresentado no Conselho Municipal de Defesa do Meio Ambiente de Caruaru"},"content":{"rendered":"<p style=\"text-align: justify;\"><span style=\"color: initial; font-size: revert;\">Nessa quarta-feira (12), o Conselho Municipal de Defesa do Meio Ambiente esteve reunido na sede do Pal\u00e1cio Jaime Nejaim, onde foi apresentado pelo professor, Gilson Silva (UFPE), o balan\u00e7o das a\u00e7\u00f5es promovidas na Semana do Meio Ambiente.<\/span><\/p>\n<p style=\"text-align: justify;\">Na ocasi\u00e3o tamb\u00e9m o Assessor de Projetos Especiais, Swami Lima, apresentou o relat\u00f3rio do S\u00e3o Jo\u00e3o Sustent\u00e1vel 2023 e suas respectivas a\u00e7\u00f5es em todos os polos da festa, incluindo o S\u00e3o Jo\u00e3o na Ro\u00e7a.<\/p>\n<p style=\"text-align: justify;\">\u00c9 importante destacar que as pautas abordadas durante as reuni\u00f5es s\u00e3o solicita\u00e7\u00f5es de representantes da sociedade c\u00edvil e entidades p\u00fablicas, que est\u00e3o representados pelo CONDEMA.<\/p>\n<p style=\"text-align: justify;\">\u201c\u00c9 de extrema import\u00e2ncia que essas reuni\u00f5es aconte\u00e7am regularmente para que a gente enquanto poder p\u00fablico possa cada vez mais fortalecer as pol\u00edticas p\u00fablicas voltadas para causa sustent\u00e1vel, para o meio ambiente. Com isso ganha a cidade como um todo, a popula\u00e7\u00e3o principalmente\u201d, afirmou o presidente do CONDEMA e tamb\u00e9m secret\u00e1rio da Secretaria de Servi\u00e7os P\u00fablicos e Sustentabilidade, Manoel \u00c1vila.<\/p>\n<p style=\"text-align: justify;\">A pr\u00f3xima reuni\u00e3o do Conselho Municipal de Defesa do Meio Ambiente est\u00e1 agendada para o dia 13 de setembro. Foto: Divulga\u00e7\u00e3o.<\/p>\n<p style=\"text-align: justify;\">Se inscreva no canal do Blog no You Tube<\/p>\n<p style=\"text-align: justify;\">Siga o Instagram do Blog @blogdoedvaldomagalhaes<\/p>\n","protected":false},"excerpt":{"rendered":"<p>Nessa quarta-feira (12), o Conselho Municipal de Defesa do Meio Ambiente esteve reunido na sede do Pal\u00e1cio Jaime Nejaim, onde&hellip;<\/p>\n","protected":false},"author":1,"featured_media":98585,"comment_status":"closed","ping_status":"open","sticky":false,"template":"","format":"standard","meta":{"footnotes":""},"categories":[14120],"tags":[2,19532,3406,28044],"class_list":["post-98584","post","type-post","status-publish","format-standard","has-post-thumbnail","hentry","category-noticias","tag-blog-do-edvaldo-magalhaes","tag-blog-mais-acessado-e-visualizado-de-caruaru-e-regiao","tag-caruaru","tag-relatorio-do-sao-joao-sustentavel-e-apresentado-no-conselho-municipal-de-defesa-do-meio-ambiente-de-caruaru"],"_links":{"self":[{"href":"https:\/\/blogdoedvaldomagalhaes.com.br\/index.php\/wp-json\/wp\/v2\/posts\/98584","targetHints":{"allow":["GET"]}}],"collection":[{"href":"https:\/\/blogdoedvaldomagalhaes.com.br\/index.php\/wp-json\/wp\/v2\/posts"}],"about":[{"href":"https:\/\/blogdoedvaldomagalhaes.com.br\/index.php\/wp-json\/wp\/v2\/types\/post"}],"author":[{"embeddable":true,"href":"https:\/\/blogdoedvaldomagalhaes.com.br\/index.php\/wp-json\/wp\/v2\/users\/1"}],"replies":[{"embeddable":true,"href":"https:\/\/blogdoedvaldomagalhaes.com.br\/index.php\/wp-json\/wp\/v2\/comments?post=98584"}],"version-history":[{"count":1,"href":"https:\/\/blogdoedvaldomagalhaes.com.br\/index.php\/wp-json\/wp\/v2\/posts\/98584\/revisions"}],"predecessor-version":[{"id":98586,"href":"https:\/\/blogdoedvaldomagalhaes.com.br\/index.php\/wp-json\/wp\/v2\/posts\/98584\/revisions\/98586"}],"wp:featuredmedia":[{"embeddable":true,"href":"https:\/\/blogdoedvaldomagalhaes.com.br\/index.php\/wp-json\/wp\/v2\/media\/98585"}],"wp:attachment":[{"href":"https:\/\/blogdoedvaldomagalhaes.com.br\/index.php\/wp-json\/wp\/v2\/media?parent=98584"}],"wp:term":[{"taxonomy":"category","embeddable":true,"href":"https:\/\/blogdoedvaldomagalhaes.com.br\/index.php\/wp-json\/wp\/v2\/categories?post=98584"},{"taxonomy":"post_tag","embeddable":true,"href":"https:\/\/blogdoedvaldomagalhaes.com.br\/index.php\/wp-json\/wp\/v2\/tags?post=98584"}],"curies":[{"name":"wp","href":"https:\/\/api.w.org\/{rel}","templated":true}]}}