{"id":98581,"date":"2023-07-13T18:51:24","date_gmt":"2023-07-13T21:51:24","guid":{"rendered":"https:\/\/blogdoedvaldomagalhaes.com.br\/?p=98581"},"modified":"2023-07-13T18:51:25","modified_gmt":"2023-07-13T21:51:25","slug":"apos-fim-do-sao-joao-de-caruaru-rua-agnelo-dias-vidal-e-liberada-para-receber-passagem-de-veiculos","status":"publish","type":"post","link":"https:\/\/blogdoedvaldomagalhaes.com.br\/index.php\/2023\/07\/13\/apos-fim-do-sao-joao-de-caruaru-rua-agnelo-dias-vidal-e-liberada-para-receber-passagem-de-veiculos\/","title":{"rendered":"Ap\u00f3s fim do S\u00e3o Jo\u00e3o de Caruaru, rua Agnelo Dias Vidal \u00e9 liberada para receber passagem de ve\u00edculos"},"content":{"rendered":"<p style=\"text-align: justify;\"><span style=\"color: initial; font-size: revert;\">A Autarquia de Mobilidade, Tr\u00e2nsito e Transportes de Caruaru (AMTTC) informa que, nesta sexta-feira (14), a rua Agnelo Dias Vidal ser\u00e1 reaberta, com o fim da desmontagem da estrutura do S\u00e3o Jo\u00e3o de Caruaru. Com isso, o sentido da rua Manoel Surubim voltar\u00e1 ao esquema antigo (Salgado\/Centro).<\/span><\/p>\n<p style=\"text-align: justify;\">Conforme mostra o mapa abaixo, quem sair da rua Cleto Campelo sentido Salgado, dever\u00e1, ap\u00f3s o sem\u00e1foro, seguir em frente, em dire\u00e7\u00e3o ao P\u00e1tio de Eventos, pela rua Agnelo Dias Vidal. J\u00e1 para quem vem pela 1\u00aa travessa Filemon Bastos, pode seguir em frente pela rua Manoel Surubim, conforme era realizado antes do per\u00edodo junino. Mapa: Divulga\u00e7\u00e3o\/ANTTC.<\/p>\n<p style=\"text-align: justify;\">Se inscreva no canal do Blog no You Tube<\/p>\n<p style=\"text-align: justify;\">Siga o Instagram do Blog @blogdoedvaldomagalhaes<\/p>\n","protected":false},"excerpt":{"rendered":"<p>A Autarquia de Mobilidade, Tr\u00e2nsito e Transportes de Caruaru (AMTTC) informa que, nesta sexta-feira (14), a rua Agnelo Dias Vidal&hellip;<\/p>\n","protected":false},"author":1,"featured_media":98582,"comment_status":"closed","ping_status":"open","sticky":false,"template":"","format":"standard","meta":{"footnotes":""},"categories":[14120],"tags":[28043,2,19532,3406],"class_list":["post-98581","post","type-post","status-publish","format-standard","has-post-thumbnail","hentry","category-noticias","tag-apos-fim-do-sao-joao-de-caruaru-rua-agnelo-dias-vidal-e-liberada-para-receber-passagem-de-veiculos","tag-blog-do-edvaldo-magalhaes","tag-blog-mais-acessado-e-visualizado-de-caruaru-e-regiao","tag-caruaru"],"_links":{"self":[{"href":"https:\/\/blogdoedvaldomagalhaes.com.br\/index.php\/wp-json\/wp\/v2\/posts\/98581","targetHints":{"allow":["GET"]}}],"collection":[{"href":"https:\/\/blogdoedvaldomagalhaes.com.br\/index.php\/wp-json\/wp\/v2\/posts"}],"about":[{"href":"https:\/\/blogdoedvaldomagalhaes.com.br\/index.php\/wp-json\/wp\/v2\/types\/post"}],"author":[{"embeddable":true,"href":"https:\/\/blogdoedvaldomagalhaes.com.br\/index.php\/wp-json\/wp\/v2\/users\/1"}],"replies":[{"embeddable":true,"href":"https:\/\/blogdoedvaldomagalhaes.com.br\/index.php\/wp-json\/wp\/v2\/comments?post=98581"}],"version-history":[{"count":1,"href":"https:\/\/blogdoedvaldomagalhaes.com.br\/index.php\/wp-json\/wp\/v2\/posts\/98581\/revisions"}],"predecessor-version":[{"id":98583,"href":"https:\/\/blogdoedvaldomagalhaes.com.br\/index.php\/wp-json\/wp\/v2\/posts\/98581\/revisions\/98583"}],"wp:featuredmedia":[{"embeddable":true,"href":"https:\/\/blogdoedvaldomagalhaes.com.br\/index.php\/wp-json\/wp\/v2\/media\/98582"}],"wp:attachment":[{"href":"https:\/\/blogdoedvaldomagalhaes.com.br\/index.php\/wp-json\/wp\/v2\/media?parent=98581"}],"wp:term":[{"taxonomy":"category","embeddable":true,"href":"https:\/\/blogdoedvaldomagalhaes.com.br\/index.php\/wp-json\/wp\/v2\/categories?post=98581"},{"taxonomy":"post_tag","embeddable":true,"href":"https:\/\/blogdoedvaldomagalhaes.com.br\/index.php\/wp-json\/wp\/v2\/tags?post=98581"}],"curies":[{"name":"wp","href":"https:\/\/api.w.org\/{rel}","templated":true}]}}