{"id":98578,"date":"2023-07-13T18:41:31","date_gmt":"2023-07-13T21:41:31","guid":{"rendered":"https:\/\/blogdoedvaldomagalhaes.com.br\/?p=98578"},"modified":"2023-07-13T21:51:03","modified_gmt":"2023-07-14T00:51:03","slug":"com-apoio-da-policia-civil-anderson-correia-atua-em-caso-de-atropelamento-de-cachorro-em-paudalho","status":"publish","type":"post","link":"https:\/\/blogdoedvaldomagalhaes.com.br\/index.php\/2023\/07\/13\/com-apoio-da-policia-civil-anderson-correia-atua-em-caso-de-atropelamento-de-cachorro-em-paudalho\/","title":{"rendered":"Com apoio da Pol\u00edcia Civil, Anderson Correia atua em caso de atropelamento de cachorro em Paudalho"},"content":{"rendered":"<p style=\"text-align: justify;\"><span style=\"color: initial; font-size: revert;\">Refer\u00eancia no combate aos maus-tratos aos animais em Pernambuco, o vereador Anderson Correia recebeu uma den\u00fancia de um atropelamento de um cachorro, que aconteceu em Paudalho, munic\u00edpio da Zona da Mata pernambucana. O tamb\u00e9m advogado animalista foi, ent\u00e3o, ao local para apurar os fatos e atuar no caso, ao lado da Pol\u00edcia Civil, para que fosse identificado o condutor do ve\u00edculo, fazendo com que o mesmo possa ser responsabilizado pelo ato criminoso.<\/span><\/p>\n<p style=\"text-align: justify;\">De acordo com o delegado titular da Delegacia de Paudalho, Marcos Roberto da Silva, j\u00e1 foi aberto um inqu\u00e9rito policial, onde j\u00e1 foram ouvidas algumas pessoas, como o tutor do animal, e o acusado j\u00e1 foi identificado e ser\u00e1 intimado at\u00e9 esta sexta-feira (14), para se apresentar e dar esclarecimentos \u00e0 Pol\u00edcia Civil, que est\u00e1 com imagens de uma c\u00e2mara de seguran\u00e7a, mostrando como foi o atropelamento.<\/p>\n<p style=\"text-align: justify;\">\u201cO que aconteceu em Paudalho foi um absurdo. Uma maldade humana inacredit\u00e1vel. As imagens s\u00e3o claras e mostram que o acusado atropelou o animal por querer, e isso n\u00e3o pode ficar impune. Parab\u00e9ns ao trabalho da Pol\u00edcia Civil, na pessoa do delegado Dr. Marcos, que se empenhou em identificar o acusado. Agora \u00e9 seguir os tr\u00e2mites do inqu\u00e9rito policial, lembrando que esse crime \u00e9 considerado maus-tratos, que d\u00e1 de tr\u00eas a cinco anos de reclus\u00e3o, mas como o animal morreu, essa pena aumenta para seis anos. Estamos aqui para coibir os maus-tratos seja aonde for\u201d, destacou Anderson.<\/p>\n<p style=\"text-align: justify;\">Foto: Divulga\u00e7\u00e3o.<\/p>\n<p style=\"text-align: justify;\">Se inscreva no canal do Blog no You Tube<\/p>\n<p style=\"text-align: justify;\">Siga o Instagram do Blog @blogdoedvaldomagalhaes<\/p>\n","protected":false},"excerpt":{"rendered":"<p>Refer\u00eancia no combate aos maus-tratos aos animais em Pernambuco, o vereador Anderson Correia recebeu uma den\u00fancia de um atropelamento de&hellip;<\/p>\n","protected":false},"author":1,"featured_media":98603,"comment_status":"closed","ping_status":"open","sticky":false,"template":"","format":"standard","meta":{"footnotes":""},"categories":[14122],"tags":[2,19532,3406,28042,20],"class_list":["post-98578","post","type-post","status-publish","format-standard","has-post-thumbnail","hentry","category-politica","tag-blog-do-edvaldo-magalhaes","tag-blog-mais-acessado-e-visualizado-de-caruaru-e-regiao","tag-caruaru","tag-com-apoio-da-policia-civil-anderson-correia-atua-em-caso-de-atropelamento-de-cachorro-em-paudalho","tag-politica"],"_links":{"self":[{"href":"https:\/\/blogdoedvaldomagalhaes.com.br\/index.php\/wp-json\/wp\/v2\/posts\/98578","targetHints":{"allow":["GET"]}}],"collection":[{"href":"https:\/\/blogdoedvaldomagalhaes.com.br\/index.php\/wp-json\/wp\/v2\/posts"}],"about":[{"href":"https:\/\/blogdoedvaldomagalhaes.com.br\/index.php\/wp-json\/wp\/v2\/types\/post"}],"author":[{"embeddable":true,"href":"https:\/\/blogdoedvaldomagalhaes.com.br\/index.php\/wp-json\/wp\/v2\/users\/1"}],"replies":[{"embeddable":true,"href":"https:\/\/blogdoedvaldomagalhaes.com.br\/index.php\/wp-json\/wp\/v2\/comments?post=98578"}],"version-history":[{"count":1,"href":"https:\/\/blogdoedvaldomagalhaes.com.br\/index.php\/wp-json\/wp\/v2\/posts\/98578\/revisions"}],"predecessor-version":[{"id":98580,"href":"https:\/\/blogdoedvaldomagalhaes.com.br\/index.php\/wp-json\/wp\/v2\/posts\/98578\/revisions\/98580"}],"wp:featuredmedia":[{"embeddable":true,"href":"https:\/\/blogdoedvaldomagalhaes.com.br\/index.php\/wp-json\/wp\/v2\/media\/98603"}],"wp:attachment":[{"href":"https:\/\/blogdoedvaldomagalhaes.com.br\/index.php\/wp-json\/wp\/v2\/media?parent=98578"}],"wp:term":[{"taxonomy":"category","embeddable":true,"href":"https:\/\/blogdoedvaldomagalhaes.com.br\/index.php\/wp-json\/wp\/v2\/categories?post=98578"},{"taxonomy":"post_tag","embeddable":true,"href":"https:\/\/blogdoedvaldomagalhaes.com.br\/index.php\/wp-json\/wp\/v2\/tags?post=98578"}],"curies":[{"name":"wp","href":"https:\/\/api.w.org\/{rel}","templated":true}]}}