{"id":98573,"date":"2023-07-13T18:19:58","date_gmt":"2023-07-13T21:19:58","guid":{"rendered":"https:\/\/blogdoedvaldomagalhaes.com.br\/?p=98573"},"modified":"2023-07-13T18:26:27","modified_gmt":"2023-07-13T21:26:27","slug":"54a-festa-das-marocas-em-belo-jardim-comeca-nesta-sexta-feira-14","status":"publish","type":"post","link":"https:\/\/blogdoedvaldomagalhaes.com.br\/index.php\/2023\/07\/13\/54a-festa-das-marocas-em-belo-jardim-comeca-nesta-sexta-feira-14\/","title":{"rendered":"54\u00aa Festa das Marocas em Belo Jardim come\u00e7a nesta sexta-feira (14)"},"content":{"rendered":"\n<p><\/p>\n\n\n<p style=\"text-align: justify;\"><span style=\"color: initial; font-size: revert;\">A Prefeitura de Belo Jardim est\u00e1 nos \u00faltimos preparativos para a 54\u00aa Festa das Marocas. A festa, que \u00e9 a mais tradicional da cidade, inicia nesta sexta-feira (14) e contar\u00e1 com seis polos, sendo eles o Palco Principal, no P\u00e1tio de Eventos Nivaldo Jatob\u00e1; o Palco Alternativo, ao lado do P\u00e1tio de Eventos; o Palho\u00e7\u00e3o, na Rua Marechal Deodoro; o Polo Infantil, na Pra\u00e7a Jorge Aleixo; o Carro da Pit\u00fa, no final da Av. Deputado Jos\u00e9 Mendon\u00e7a; e a Feira de Artesanato e Gastronomia, no Cal\u00e7ad\u00e3o das Marocas.<\/span><\/p>\n<p style=\"text-align: justify;\">Assim como acontece em todos os anos, a festa inicia logo cedo com o tradicional Caf\u00e9 da Manh\u00e3 das Marocas. Com concentra\u00e7\u00e3o \u00e0s 5h na esta\u00e7\u00e3o ferrovi\u00e1ria, a popula\u00e7\u00e3o segue em cortejo pelas ruas da cidade em dire\u00e7\u00e3o ao Pal\u00e1cio Municipal onde o caf\u00e9 da manh\u00e3 \u00e9 servido com comidas t\u00edpicas. J\u00e1 no final da tarde, \u00e0s 16h, \u00e9 a vez do Carro da Pit\u00fa chegar \u00e0 cidade e seguir em dire\u00e7\u00e3o a Av. Deputado Jos\u00e9 Mendon\u00e7a, onde o ve\u00edculo fica estacionado durante todos os dias de festa.<\/p>\n<p style=\"text-align: justify;\">Neste mesmo dia, tamb\u00e9m ser\u00e1 iniciada a Feira de Artesanato e Gastronomia, no Cal\u00e7ad\u00e3o das Marocas, uma oportunidade para os empreendedores belo-jardinenses venderem seus produtos e torn\u00e1-los conhecidos para os turistas. A feira ficar\u00e1 exposta entre os dias 14 a 17 de julho, das 16h \u00e0s 22h. Neste ano, a crian\u00e7ada tamb\u00e9m vai se divertir no Polo Infantil, que ficar\u00e1 na Pra\u00e7a Jorge Aleixo e contar\u00e1 com jogos, brincadeiras recreativas, exposi\u00e7\u00f5es, teatro, oficinas e muito mais, a partir das 14h, de sexta a segunda.<\/p>\n<p style=\"text-align: justify;\">A Festa das Marocas \u00e9 considerada pela Lei 13.842, Patrim\u00f4nio Cultural e Imaterial do estado de Pernambuco, desde 2009. T\u00edtulo concedido a eventos cujas dimens\u00f5es cultural e econ\u00f4mica j\u00e1 ultrapassaram os limites regionais. Desde 1970, a festa acontece no munic\u00edpio e sempre procura homenagear belo-jardinenses que desenvolveram trabalhos culturais no munic\u00edpio. A 54\u00aa Festa das Marocas conta com o apoio da Funda\u00e7\u00e3o do Patrim\u00f4nio Hist\u00f3rico e Art\u00edstico de Pernambuco (Fundarpe), da Empresa de Turismo de Pernambuco (Empetur), da Secretaria de Cultura do Estado, do Governo de Pernambuco e da Pit\u00fa.<br \/>Confira a programa\u00e7\u00e3o dos polos:<\/p>\n<p style=\"text-align: justify;\"><strong>Palco Principal<\/strong><\/p>\n<p style=\"text-align: justify;\">Sexta 14\/07<br \/>Forr\u00f3 na M\u00eddia<br \/>Conde S\u00f3 Brega<br \/>Raphaela Santos<\/p>\n<p style=\"text-align: justify;\">S\u00e1bado 15\/07<br \/>Amazan<br \/>Ton Oliveira<br \/>Wallas Arrais<\/p>\n<p style=\"text-align: justify;\">Domingo 16\/07<br \/>Waldonys<br \/>Helton Lima<br \/>Matheus Fernandes<\/p>\n<p style=\"text-align: justify;\">Segunda 17\/07<br \/>Ramon Ferraz<br \/>Lim\u00e3o com Mel<br \/>Tarc\u00edsio do Acordeon<\/p>\n<p style=\"text-align: justify;\"><strong>Palco Alternativo<\/strong><\/p>\n<p style=\"text-align: justify;\">S\u00e1bado 15\/07<br \/>Banda O Despertarismo<br \/>Jack\u2019songs<br \/>PRKilla<\/p>\n<p style=\"text-align: justify;\">Domingo 16\/07<br \/>Cortejo do Boi da Gente<br \/>Mecinho Groove<br \/>Virgulados<br \/>Vitor Pirralho<\/p>\n<p style=\"text-align: justify;\"><strong>Palho\u00e7\u00e3o<\/strong><\/p>\n<p style=\"text-align: justify;\">Sexta 14\/07<br \/>All na Pegada do Coco<br \/>Braz<\/p>\n<p style=\"text-align: justify;\">S\u00e1bado 15\/07<br \/>Galego da Tapera<br \/>Toinho da Balan\u00e7a<\/p>\n<p style=\"text-align: justify;\">Domingo 16\/07<br \/>Chap\u00e9u de Couro <br \/>Braz<\/p>\n<p style=\"text-align: justify;\">Segunda 17\/07<br \/>Galego da Tapera<br \/>Sandro Vaqueiro<\/p>\n<p style=\"text-align: justify;\"><strong>Polo Infantil<\/strong><\/p>\n<p style=\"text-align: justify;\">Sexta 14\/07<br \/>14h \u00e0s 18h &#8211; Exposi\u00e7\u00e3o Rio Bitury na Escola de Artes<br \/>17h &#8211; Curta Metragem no Cine Teatro <br \/>18h &#8211; Teatro Mar\u00e9 no Cine Teatro<\/p>\n<p style=\"text-align: justify;\">S\u00e1bado 15\/07<br \/>14h \u00e0s 18h &#8211; Exposi\u00e7\u00e3o Rio Bitury na Escola de Artes<br \/>15h &#8211; Curta Metragem no Cine Teatro <br \/>16h30 \u00e0s 18h30 &#8211; Jogos Populares e Gigantes e Brincadeiras Recreativas<br \/>18h &#8211; Teatro Energia do Amor no Cine Teatro<\/p>\n<p style=\"text-align: justify;\">Domingo 16\/07<br \/>14h \u00e0s 18h &#8211; Exposi\u00e7\u00e3o Rio Bitury na Escola de Artes<br \/>15h &#8211; Curta Metragem no Cine Teatro<br \/>15h40 &#8211; Teatro o Sol e a Lua no Cine Teatro<br \/>16h30 &#8211; Arena Interativa no Cine Teatro<br \/>16h30 \u00e0s 18h30 &#8211; Jogos Populares e Gigantes e Brincadeiras Recreativas<\/p>\n<p style=\"text-align: justify;\">Segunda 17\/07<br \/>14h \u00e0s 18h &#8211; Exposi\u00e7\u00e3o Rio Bitury na Escola de Artes<br \/>15h &#8211; Oficina Infantil na Escola de Artes<br \/>16h &#8211; Show Infantil com Tio Yuri no Cine Teatro<br \/>17h \u00e0s 20h &#8211; Cine Fam\u00edlia no Cine Teatro<\/p>\n<p style=\"text-align: justify;\"><strong>Carro da Pit\u00fa<\/strong><\/p>\n<p style=\"text-align: justify;\">Sexta 14\/07<br \/>Chegada do Carro da Pit\u00fa<\/p>\n<p style=\"text-align: justify;\">Ter\u00e7a 18\/07<br \/>Levada do Carro da Pit\u00fa.<\/p>\n<p>Foto: Divulga\u00e7\u00e3o.<\/p>\n<p style=\"text-align: justify;\">Se inscreva no canal do Blog no You Tube<\/p>\n<p style=\"text-align: justify;\">Siga o Instagram do Blog @blogdoedvaldomagalhaes<\/p>","protected":false},"excerpt":{"rendered":"<p>A Prefeitura de Belo Jardim est\u00e1 nos \u00faltimos preparativos para a 54\u00aa Festa das Marocas. A festa, que \u00e9 a&hellip;<\/p>\n","protected":false},"author":1,"featured_media":98574,"comment_status":"closed","ping_status":"open","sticky":false,"template":"","format":"standard","meta":{"footnotes":""},"categories":[14120],"tags":[28041,2,19532,3406],"class_list":["post-98573","post","type-post","status-publish","format-standard","has-post-thumbnail","hentry","category-noticias","tag-54a-festa-das-marocas-em-belo-jardim-comeca-nesta-sexta-feira-14","tag-blog-do-edvaldo-magalhaes","tag-blog-mais-acessado-e-visualizado-de-caruaru-e-regiao","tag-caruaru"],"_links":{"self":[{"href":"https:\/\/blogdoedvaldomagalhaes.com.br\/index.php\/wp-json\/wp\/v2\/posts\/98573","targetHints":{"allow":["GET"]}}],"collection":[{"href":"https:\/\/blogdoedvaldomagalhaes.com.br\/index.php\/wp-json\/wp\/v2\/posts"}],"about":[{"href":"https:\/\/blogdoedvaldomagalhaes.com.br\/index.php\/wp-json\/wp\/v2\/types\/post"}],"author":[{"embeddable":true,"href":"https:\/\/blogdoedvaldomagalhaes.com.br\/index.php\/wp-json\/wp\/v2\/users\/1"}],"replies":[{"embeddable":true,"href":"https:\/\/blogdoedvaldomagalhaes.com.br\/index.php\/wp-json\/wp\/v2\/comments?post=98573"}],"version-history":[{"count":2,"href":"https:\/\/blogdoedvaldomagalhaes.com.br\/index.php\/wp-json\/wp\/v2\/posts\/98573\/revisions"}],"predecessor-version":[{"id":98576,"href":"https:\/\/blogdoedvaldomagalhaes.com.br\/index.php\/wp-json\/wp\/v2\/posts\/98573\/revisions\/98576"}],"wp:featuredmedia":[{"embeddable":true,"href":"https:\/\/blogdoedvaldomagalhaes.com.br\/index.php\/wp-json\/wp\/v2\/media\/98574"}],"wp:attachment":[{"href":"https:\/\/blogdoedvaldomagalhaes.com.br\/index.php\/wp-json\/wp\/v2\/media?parent=98573"}],"wp:term":[{"taxonomy":"category","embeddable":true,"href":"https:\/\/blogdoedvaldomagalhaes.com.br\/index.php\/wp-json\/wp\/v2\/categories?post=98573"},{"taxonomy":"post_tag","embeddable":true,"href":"https:\/\/blogdoedvaldomagalhaes.com.br\/index.php\/wp-json\/wp\/v2\/tags?post=98573"}],"curies":[{"name":"wp","href":"https:\/\/api.w.org\/{rel}","templated":true}]}}