{"id":98570,"date":"2023-07-13T11:12:59","date_gmt":"2023-07-13T14:12:59","guid":{"rendered":"https:\/\/blogdoedvaldomagalhaes.com.br\/?p=98570"},"modified":"2023-07-13T11:13:02","modified_gmt":"2023-07-13T14:13:02","slug":"pm-erradica-plantio-com-9-100-pes-de-maconha","status":"publish","type":"post","link":"https:\/\/blogdoedvaldomagalhaes.com.br\/index.php\/2023\/07\/13\/pm-erradica-plantio-com-9-100-pes-de-maconha\/","title":{"rendered":"PM erradica plantio com 9.100 p\u00e9s de maconha"},"content":{"rendered":"<p style=\"text-align: justify;\"><span style=\"font-size: revert; color: initial;\">Na tarde de quarta-feira (12), policiais militares da 1\u00aa CIPM, ap\u00f3s levantamento do servi\u00e7o de intelig\u00eancia, receberam a den\u00fancia de que na zona rural de Bel\u00e9m do S\u00e3o Francisco estaria havendo o cultivo de um plantio de maconha. Imediatamente, equipes fizeram descolamento at\u00e9 o endere\u00e7o indicado e localizaram dois indiv\u00edduos que, ao perceberem a aproxima\u00e7\u00e3o do efetivo, tentaram empreender fuga dentro da caatinga, por\u00e9m sem \u00eaxito.<\/span><\/p>\n<p style=\"text-align: justify;\">Na planta\u00e7\u00e3o, foi contabilizado 1.820 covas, chegando a um total de 9.100 p\u00e9s de maconha. Ainda durante incurs\u00f5es, foi encontrado nas proximidades do ro\u00e7ado, um saco contendo 2.115 KG de maconha pronta para o consumo.<\/p>\n<p style=\"text-align: justify;\">Toda a ro\u00e7a foi erradicada e incinerada, como tamb\u00e9m os suspeitos foram encaminhados, juntamente com as amostras das drogas, at\u00e9 a Delegacia de Pol\u00edcia Civil de Floresta para ado\u00e7\u00e3o das medidas legais cab\u00edveis. Foto: Divulga\u00e7\u00e3o\/PMPE.<\/p>\n<p style=\"text-align: justify;\">Se inscreva no canal do Blog no You Tube<\/p>\n<p style=\"text-align: justify;\">Siga o Instagram do Blog @blogdoedvaldomagalhaes<\/p>\n","protected":false},"excerpt":{"rendered":"<p>Na tarde de quarta-feira (12), policiais militares da 1\u00aa CIPM, ap\u00f3s levantamento do servi\u00e7o de intelig\u00eancia, receberam a den\u00fancia de&hellip;<\/p>\n","protected":false},"author":1,"featured_media":98571,"comment_status":"closed","ping_status":"open","sticky":false,"template":"","format":"standard","meta":{"footnotes":""},"categories":[14121],"tags":[2,19532,3406,28040],"class_list":["post-98570","post","type-post","status-publish","format-standard","has-post-thumbnail","hentry","category-policial","tag-blog-do-edvaldo-magalhaes","tag-blog-mais-acessado-e-visualizado-de-caruaru-e-regiao","tag-caruaru","tag-pm-erradica-plantio-com-9-100-pes-de-maconha"],"_links":{"self":[{"href":"https:\/\/blogdoedvaldomagalhaes.com.br\/index.php\/wp-json\/wp\/v2\/posts\/98570","targetHints":{"allow":["GET"]}}],"collection":[{"href":"https:\/\/blogdoedvaldomagalhaes.com.br\/index.php\/wp-json\/wp\/v2\/posts"}],"about":[{"href":"https:\/\/blogdoedvaldomagalhaes.com.br\/index.php\/wp-json\/wp\/v2\/types\/post"}],"author":[{"embeddable":true,"href":"https:\/\/blogdoedvaldomagalhaes.com.br\/index.php\/wp-json\/wp\/v2\/users\/1"}],"replies":[{"embeddable":true,"href":"https:\/\/blogdoedvaldomagalhaes.com.br\/index.php\/wp-json\/wp\/v2\/comments?post=98570"}],"version-history":[{"count":1,"href":"https:\/\/blogdoedvaldomagalhaes.com.br\/index.php\/wp-json\/wp\/v2\/posts\/98570\/revisions"}],"predecessor-version":[{"id":98572,"href":"https:\/\/blogdoedvaldomagalhaes.com.br\/index.php\/wp-json\/wp\/v2\/posts\/98570\/revisions\/98572"}],"wp:featuredmedia":[{"embeddable":true,"href":"https:\/\/blogdoedvaldomagalhaes.com.br\/index.php\/wp-json\/wp\/v2\/media\/98571"}],"wp:attachment":[{"href":"https:\/\/blogdoedvaldomagalhaes.com.br\/index.php\/wp-json\/wp\/v2\/media?parent=98570"}],"wp:term":[{"taxonomy":"category","embeddable":true,"href":"https:\/\/blogdoedvaldomagalhaes.com.br\/index.php\/wp-json\/wp\/v2\/categories?post=98570"},{"taxonomy":"post_tag","embeddable":true,"href":"https:\/\/blogdoedvaldomagalhaes.com.br\/index.php\/wp-json\/wp\/v2\/tags?post=98570"}],"curies":[{"name":"wp","href":"https:\/\/api.w.org\/{rel}","templated":true}]}}