{"id":98562,"date":"2023-07-13T08:40:18","date_gmt":"2023-07-13T11:40:18","guid":{"rendered":"https:\/\/blogdoedvaldomagalhaes.com.br\/?p=98562"},"modified":"2023-07-13T08:44:25","modified_gmt":"2023-07-13T11:44:25","slug":"pf-desarticula-organizacao-especializada-em-crimes-contra-a-administracao-publica-e-lavagem-de-dinheiro","status":"publish","type":"post","link":"https:\/\/blogdoedvaldomagalhaes.com.br\/index.php\/2023\/07\/13\/pf-desarticula-organizacao-especializada-em-crimes-contra-a-administracao-publica-e-lavagem-de-dinheiro\/","title":{"rendered":"PF desarticula organiza\u00e7\u00e3o especializada em crimes contra a administra\u00e7\u00e3o p\u00fablica e lavagem de dinheiro"},"content":{"rendered":"<p style=\"text-align: justify;\">A Pol\u00edcia Federal em Pernambuco, por meio da delegacia em Caruaru\/PE, deflagrou, na manh\u00e3 de hoje (13\/07\/2023), a \u201cOpera\u00e7\u00e3o Hidra\u201d, para apurar a\u00e7\u00e3o de organiza\u00e7\u00e3o especializada em crimes contra a administra\u00e7\u00e3o p\u00fablica e lavagem de dinheiro. Formado por agentes p\u00fablicos, servidores, empres\u00e1rios e particulares, o grupo criminoso atuava no sert\u00e3o do estado.<br>\nA opera\u00e7\u00e3o movimentou um efetivo de 214 (duzentos e quatorze) policiais federais, que cumprem 86 (oitenta e seis) mandados de busca e apreens\u00e3o, expedidos pelo Tribunal Regional Federal da 5a Regi\u00e3o, em endere\u00e7os localizados nos munic\u00edpios de Recife, Camaragibe, Caruaru, Arcoverde, Ibimirim, Afogados da Ingazeira, Itacuruba, Inaj\u00e1 e Salgueiro.<br>\nAs investiga\u00e7\u00f5es tiveram in\u00edcio a partir de acordo de colabora\u00e7\u00e3o premiada, homologado pelo Tribunal Regional Federal da 5a Regi\u00e3o (TRF-5), cujas informa\u00e7\u00f5es permitiram angariar ind\u00edcios de associa\u00e7\u00e3o criminosa, tais como: obten\u00e7\u00e3o de dados financeiros, demonstrando a exist\u00eancia de movimenta\u00e7\u00f5es indicativas de lavagem de dinheiro (possivelmente decorrente de corrup\u00e7\u00e3o e\/ou de desvio de recursos p\u00fablicos); constata\u00e7\u00e3o da inexist\u00eancia de empresas contratadas pela prefeitura ou da insufici\u00eancia\/incapacidade de outras para fornecer os objetos licitados; verifica\u00e7\u00e3o da exist\u00eancia de v\u00ednculos suspeitos entre os propriet\u00e1rios das empresas contratadas; e, ainda, an\u00e1lise de processos licitat\u00f3rios com indicativos de contrata\u00e7\u00f5es diretas irregulares, superfaturamento e fraudes.<br>\nA investiga\u00e7\u00e3o apurou que o gestor municipal investigado teria contratado empresas \u201cfantasmas\u201d e ligadas ao mesmo grupo ou aos mesmos empres\u00e1rios, para o fornecimento de material e presta\u00e7\u00e3o de servi\u00e7os nas \u00e1reas de sa\u00fade (aquisi\u00e7\u00e3o de medicamentos e servi\u00e7os de consultas m\u00e9dicas), obras de engenharia e terraplanagem\/pavimenta\u00e7\u00e3o e loca\u00e7\u00e3o de ve\u00edculos.<br>\nEm licita\u00e7\u00f5es realizadas pelo munic\u00edpio, h\u00e1 ind\u00edcios da indica\u00e7\u00e3o, por um dos empres\u00e1rios beneficiados pelo esquema, de pessoa que assumiria o cargo de pregoeiro, com o fim de garantir a vit\u00f3ria de empresas previamente selecionadas.<\/p>\n\n\n<figure class=\"wp-block-image size-full\"><img loading=\"lazy\" decoding=\"async\" width=\"1024\" height=\"768\" src=\"https:\/\/blogdoedvaldomagalhaes.com.br\/wp-content\/uploads\/2023\/07\/7126BB4C-4BD0-4F58-82D1-A6951C016FA7.jpeg\" alt=\"\" class=\"wp-image-98565\" srcset=\"https:\/\/blogdoedvaldomagalhaes.com.br\/wp-content\/uploads\/2023\/07\/7126BB4C-4BD0-4F58-82D1-A6951C016FA7.jpeg 1024w, https:\/\/blogdoedvaldomagalhaes.com.br\/wp-content\/uploads\/2023\/07\/7126BB4C-4BD0-4F58-82D1-A6951C016FA7-300x225.jpeg 300w, https:\/\/blogdoedvaldomagalhaes.com.br\/wp-content\/uploads\/2023\/07\/7126BB4C-4BD0-4F58-82D1-A6951C016FA7-768x576.jpeg 768w, https:\/\/blogdoedvaldomagalhaes.com.br\/wp-content\/uploads\/2023\/07\/7126BB4C-4BD0-4F58-82D1-A6951C016FA7-160x120.jpeg 160w\" sizes=\"auto, (max-width: 1024px) 100vw, 1024px\" \/><\/figure>\n\n\n<p style=\"text-align: justify;\">H\u00e1 tamb\u00e9m fortes elementos que sugerem que os investigados teriam mantido contatos pr\u00e9vios para ajustar quais empresas ganhariam as licita\u00e7\u00f5es, tendo, inclusive, os empres\u00e1rios participantes do esquema tomado conhecimento dos documentos das licita\u00e7\u00f5es, antes mesmo que elas fossem oficialmente divulgadas.<br>Levantou-se, ainda, que os investigados \u2013 agentes p\u00fablicos e empres\u00e1rios \u2013 teriam mantido contato entre si com o objetivo de acertar valores de vantagens indevidas que deveriam ser pagas em virtude de as empresas previamente selecionadas sa\u00edrem vencedoras nos certames.<br>No decorrer da investiga\u00e7\u00e3o foram coletadas evid\u00eancias da utiliza\u00e7\u00e3o de diversas contas \u201claranjas\u201d \u2013 a\u00ed inclu\u00eddos servidores, ex-servidores municipais e pessoas sem qualquer condi\u00e7\u00e3o socioecon\u00f4mica para movimentar os valores revelados nos relat\u00f3rios de intelig\u00eancia financeira \u2013, bem como de empresas \u201cfantasmas\u201d, para movimentar os valores provenientes de atos de corrup\u00e7\u00e3o e de poss\u00edveis desvios de recursos p\u00fablicos.<br>Os crimes investigados s\u00e3o de forma\u00e7\u00e3o de organiza\u00e7\u00e3o criminosa (art. 2o, caput, da Lei 12.850\/2013), corrup\u00e7\u00e3o ativa e passiva (arts. 317 e 333 do CP), dispensa indevida de licita\u00e7\u00e3o e fraude \u00e0 licita\u00e7\u00e3o (arts. 89 e 90 da Lei 8.666\/1993), e de lavagem de dinheiro (art. 1o da Lei 9.613\/1998), cujas penas m\u00e1ximas, somadas, podem ultrapassar 42 anos de reclus\u00e3o.<br>O nome da opera\u00e7\u00e3o faz refer\u00eancia \u00e0 criatura da mitologia grega que tem v\u00e1rias cabe\u00e7as em um s\u00f3 corpo. No caso da investiga\u00e7\u00e3o, verificou-se que um mesmo grupo pol\u00edtico teria atuado em conluio com grupos empresariais distintos, com o fim de fraudar licita\u00e7\u00f5es em diversas \u00e1reas (sa\u00fade, engenharia, loca\u00e7\u00e3o de ve\u00edculos etc.).<br>Comunica\u00e7\u00e3o Social &#8211; Pol\u00edcia Federal em Re<\/p>\n\n\n<figure class=\"wp-block-image size-large\"><img loading=\"lazy\" decoding=\"async\" width=\"768\" height=\"1024\" src=\"https:\/\/blogdoedvaldomagalhaes.com.br\/wp-content\/uploads\/2023\/07\/F5DD9D01-93A3-4B77-A90E-81EE3ABDED96-768x1024.jpeg\" alt=\"\" class=\"wp-image-98568\" srcset=\"https:\/\/blogdoedvaldomagalhaes.com.br\/wp-content\/uploads\/2023\/07\/F5DD9D01-93A3-4B77-A90E-81EE3ABDED96-768x1024.jpeg 768w, https:\/\/blogdoedvaldomagalhaes.com.br\/wp-content\/uploads\/2023\/07\/F5DD9D01-93A3-4B77-A90E-81EE3ABDED96-225x300.jpeg 225w, https:\/\/blogdoedvaldomagalhaes.com.br\/wp-content\/uploads\/2023\/07\/F5DD9D01-93A3-4B77-A90E-81EE3ABDED96-1152x1536.jpeg 1152w, https:\/\/blogdoedvaldomagalhaes.com.br\/wp-content\/uploads\/2023\/07\/F5DD9D01-93A3-4B77-A90E-81EE3ABDED96.jpeg 1200w\" sizes=\"auto, (max-width: 768px) 100vw, 768px\" \/><figcaption class=\"wp-element-caption\">Fotos: Divulga\u00e7\u00e3o\/PF<\/figcaption><\/figure>\n","protected":false},"excerpt":{"rendered":"<p>A Pol\u00edcia Federal em Pernambuco, por meio da delegacia em Caruaru\/PE, deflagrou, na manh\u00e3 de hoje (13\/07\/2023), a \u201cOpera\u00e7\u00e3o Hidra\u201d,&hellip;<\/p>\n","protected":false},"author":1,"featured_media":98563,"comment_status":"closed","ping_status":"open","sticky":false,"template":"","format":"standard","meta":{"footnotes":""},"categories":[14121],"tags":[2,19532,3406,28039],"class_list":["post-98562","post","type-post","status-publish","format-standard","has-post-thumbnail","hentry","category-policial","tag-blog-do-edvaldo-magalhaes","tag-blog-mais-acessado-e-visualizado-de-caruaru-e-regiao","tag-caruaru","tag-pf-desarticula-organizacao-especializada-em-crimes-contra-a-administracao-publica-e-lavagem-de-dinheiro"],"_links":{"self":[{"href":"https:\/\/blogdoedvaldomagalhaes.com.br\/index.php\/wp-json\/wp\/v2\/posts\/98562","targetHints":{"allow":["GET"]}}],"collection":[{"href":"https:\/\/blogdoedvaldomagalhaes.com.br\/index.php\/wp-json\/wp\/v2\/posts"}],"about":[{"href":"https:\/\/blogdoedvaldomagalhaes.com.br\/index.php\/wp-json\/wp\/v2\/types\/post"}],"author":[{"embeddable":true,"href":"https:\/\/blogdoedvaldomagalhaes.com.br\/index.php\/wp-json\/wp\/v2\/users\/1"}],"replies":[{"embeddable":true,"href":"https:\/\/blogdoedvaldomagalhaes.com.br\/index.php\/wp-json\/wp\/v2\/comments?post=98562"}],"version-history":[{"count":4,"href":"https:\/\/blogdoedvaldomagalhaes.com.br\/index.php\/wp-json\/wp\/v2\/posts\/98562\/revisions"}],"predecessor-version":[{"id":98569,"href":"https:\/\/blogdoedvaldomagalhaes.com.br\/index.php\/wp-json\/wp\/v2\/posts\/98562\/revisions\/98569"}],"wp:featuredmedia":[{"embeddable":true,"href":"https:\/\/blogdoedvaldomagalhaes.com.br\/index.php\/wp-json\/wp\/v2\/media\/98563"}],"wp:attachment":[{"href":"https:\/\/blogdoedvaldomagalhaes.com.br\/index.php\/wp-json\/wp\/v2\/media?parent=98562"}],"wp:term":[{"taxonomy":"category","embeddable":true,"href":"https:\/\/blogdoedvaldomagalhaes.com.br\/index.php\/wp-json\/wp\/v2\/categories?post=98562"},{"taxonomy":"post_tag","embeddable":true,"href":"https:\/\/blogdoedvaldomagalhaes.com.br\/index.php\/wp-json\/wp\/v2\/tags?post=98562"}],"curies":[{"name":"wp","href":"https:\/\/api.w.org\/{rel}","templated":true}]}}