{"id":98554,"date":"2023-07-12T22:42:00","date_gmt":"2023-07-13T01:42:00","guid":{"rendered":"https:\/\/blogdoedvaldomagalhaes.com.br\/?p=98554"},"modified":"2023-07-12T23:25:59","modified_gmt":"2023-07-13T02:25:59","slug":"agir-36-reune-pre-candidatos-em-caruaru","status":"publish","type":"post","link":"https:\/\/blogdoedvaldomagalhaes.com.br\/index.php\/2023\/07\/12\/agir-36-reune-pre-candidatos-em-caruaru\/","title":{"rendered":"Agir 36 re\u00fane pr\u00e9-candidatos em Caruaru"},"content":{"rendered":"<p style=\"text-align: justify;\"><span style=\"font-size: revert; color: initial;\">O partido Agir 36 Caruaru realizou na noite dessa ter\u00e7a-feira (11), mais um encontro entre pr\u00e9-candidatos a vereador. O&nbsp;<\/span><span style=\"font-size: revert;\">grupo vem se organizando para ter duas chapas competitivas e eleger entre 3 a 4 vereadores nas elei\u00e7\u00f5es de 2024, uma chapa com candidatos at\u00e9 800 votos e outra chapa com candidatos entre 800 a 1200 votos.<\/span><\/p>\n<p style=\"text-align: justify;\">O grupo pretende nos pr\u00f3ximos meses conversar com&nbsp;diversas for\u00e7as pol\u00edticas de Caruaru para majorit\u00e1ria, mas n\u00e3o descarta a possibilidade de lan\u00e7ar um candidato a prefeitura.<\/p>\n<p style=\"text-align: justify;\">Se tudo ocorrer como planejando, o grupo formado por diversas lideran\u00e7as pol\u00edticos do de Caruaru deve contar com mais de 50 pr\u00e9-candidatos e repetir o sucesso das elei\u00e7\u00f5es de 2020, onde elegeu dois Vereadores, Filipe Jos\u00e9 e Jorge Quintino, na \u00e9poca pelo PTB e que foi formado e liderado por Vitinho Maia e Washington Luiz, obtendo mais 12 mil votos e sendo a quinta legenda mais votada naquele ano. A proposta \u00e9 dobrar esse n\u00famero, e eleger 4 vereadores, podendo atingir mais de 20 mil votos.<\/p>\n\n\n<figure class=\"wp-block-image size-full\"><img loading=\"lazy\" decoding=\"async\" width=\"740\" height=\"577\" src=\"https:\/\/blogdoedvaldomagalhaes.com.br\/wp-content\/uploads\/2023\/07\/IMG-20230712-WA01202.jpg\" alt=\"\" class=\"wp-image-98560\" srcset=\"https:\/\/blogdoedvaldomagalhaes.com.br\/wp-content\/uploads\/2023\/07\/IMG-20230712-WA01202.jpg 740w, https:\/\/blogdoedvaldomagalhaes.com.br\/wp-content\/uploads\/2023\/07\/IMG-20230712-WA01202-300x234.jpg 300w\" sizes=\"auto, (max-width: 740px) 100vw, 740px\" \/><figcaption class=\"wp-element-caption\">Fotos: Divulga\u00e7\u00e3o <\/figcaption><\/figure>\n","protected":false},"excerpt":{"rendered":"<p>O partido Agir 36 Caruaru realizou na noite dessa ter\u00e7a-feira (11), mais um encontro entre pr\u00e9-candidatos a vereador. O&nbsp;grupo vem&hellip;<\/p>\n","protected":false},"author":1,"featured_media":98557,"comment_status":"closed","ping_status":"open","sticky":false,"template":"","format":"standard","meta":{"footnotes":""},"categories":[14122],"tags":[28038,2,19532,3406,20],"class_list":["post-98554","post","type-post","status-publish","format-standard","has-post-thumbnail","hentry","category-politica","tag-agir-36-reune-pre-candidatos-em-caruaru","tag-blog-do-edvaldo-magalhaes","tag-blog-mais-acessado-e-visualizado-de-caruaru-e-regiao","tag-caruaru","tag-politica"],"_links":{"self":[{"href":"https:\/\/blogdoedvaldomagalhaes.com.br\/index.php\/wp-json\/wp\/v2\/posts\/98554","targetHints":{"allow":["GET"]}}],"collection":[{"href":"https:\/\/blogdoedvaldomagalhaes.com.br\/index.php\/wp-json\/wp\/v2\/posts"}],"about":[{"href":"https:\/\/blogdoedvaldomagalhaes.com.br\/index.php\/wp-json\/wp\/v2\/types\/post"}],"author":[{"embeddable":true,"href":"https:\/\/blogdoedvaldomagalhaes.com.br\/index.php\/wp-json\/wp\/v2\/users\/1"}],"replies":[{"embeddable":true,"href":"https:\/\/blogdoedvaldomagalhaes.com.br\/index.php\/wp-json\/wp\/v2\/comments?post=98554"}],"version-history":[{"count":3,"href":"https:\/\/blogdoedvaldomagalhaes.com.br\/index.php\/wp-json\/wp\/v2\/posts\/98554\/revisions"}],"predecessor-version":[{"id":98561,"href":"https:\/\/blogdoedvaldomagalhaes.com.br\/index.php\/wp-json\/wp\/v2\/posts\/98554\/revisions\/98561"}],"wp:featuredmedia":[{"embeddable":true,"href":"https:\/\/blogdoedvaldomagalhaes.com.br\/index.php\/wp-json\/wp\/v2\/media\/98557"}],"wp:attachment":[{"href":"https:\/\/blogdoedvaldomagalhaes.com.br\/index.php\/wp-json\/wp\/v2\/media?parent=98554"}],"wp:term":[{"taxonomy":"category","embeddable":true,"href":"https:\/\/blogdoedvaldomagalhaes.com.br\/index.php\/wp-json\/wp\/v2\/categories?post=98554"},{"taxonomy":"post_tag","embeddable":true,"href":"https:\/\/blogdoedvaldomagalhaes.com.br\/index.php\/wp-json\/wp\/v2\/tags?post=98554"}],"curies":[{"name":"wp","href":"https:\/\/api.w.org\/{rel}","templated":true}]}}