{"id":98543,"date":"2023-07-12T19:34:24","date_gmt":"2023-07-12T22:34:24","guid":{"rendered":"https:\/\/blogdoedvaldomagalhaes.com.br\/?p=98543"},"modified":"2023-07-12T19:37:29","modified_gmt":"2023-07-12T22:37:29","slug":"ator-caruaruense-faz-parte-do-elenco-da-serie-cangaco-novo","status":"publish","type":"post","link":"https:\/\/blogdoedvaldomagalhaes.com.br\/index.php\/2023\/07\/12\/ator-caruaruense-faz-parte-do-elenco-da-serie-cangaco-novo\/","title":{"rendered":"Ator caruaruense faz parte do elenco da s\u00e9rie Canga\u00e7o Novo"},"content":{"rendered":"<div dir=\"auto\" style=\"text-align: justify;\"><span style=\"color: initial;\">O Ator caruaruense Rafael Amancio faz parte do elenco da s\u00e9rie &#8220;Canga\u00e7o Novo&#8221; da Amazon Prime Video, a partir do dia 14 far\u00e1 exibi\u00e7\u00e3o in\u00e9dita no Festival de Gramado 2023. Em seguida estreia mundial dia 18 de Julho na plataforma de streaming. Produzida na para\u00edba (2021-2022) pela O2 Filmes, a s\u00e9rie de oito epis\u00f3dios \u00e9 dirigida por F\u00e1bio Mendon\u00e7a e Aly Muritiba e roteiro de Fernando Garrido, Mariana Bardan, Eduardo Melo, Erez Milgrom e Viviane Pistache. O ator far\u00e1 parte do bando, com personagem (Vulgo) &#8220;Perigoso&#8221;, \u00a0junto com v\u00e1rios atores nordestinos, a s\u00e9rie conta a hist\u00f3ria de Ubaldo (Allan Souza Lima), um infeliz banc\u00e1rio da zona urbana de S\u00e3o Paulo sem nenhuma lembran\u00e7a de sua inf\u00e2ncia. Ele descobre que tem uma heran\u00e7a e duas irm\u00e3s no sert\u00e3o cearense: Dilv\u00e2nia lidera um grupo que adora seu famoso pai falecido; e Dinorah \u00e9 a \u00fanica mulher em uma gangue de ladr\u00f5es de banco. &#8220;A mais de um ano estavamos todos reunidos no sert\u00e3o paraibano, dessa vez a maior produ\u00e7\u00e3o que j\u00e1 participei, prepara\u00e7\u00e3o com F\u00e1tima Toledo, atores de diversas partes do nordeste e do Brasil. Todos com o mesmo sentimento de levantar o nordeste brasileiro e evidenciar a pote\u00eancia artistica que aqui temos, o sentimento \u00e9 de muita alegria e entusiasmo. fazer parte de um elenco como esse \u00e9 motivo de muita satisfa\u00e7\u00e3o e motiva\u00e7\u00e3o para continuar essa jornada, afinal completo 20 anos de carreira, n\u00e3o poderia ter momento melhor pra comemorar&#8221;. ressalta Amancio.\u00a0<\/span><\/div>\n<div dir=\"auto\">\u00a0<\/div>\n<div dir=\"auto\" style=\"text-align: justify;\">Canga\u00e7o Novo vai se juntar a milhares de programas de TV e filmes no cat\u00e1logo Prime Video e desenas de pais ir\u00e3o acompanhar a maior produ\u00e7\u00e3o da empresa no Brasil.<\/div>\n<div dir=\"auto\">\u00a0<\/div>\n<div dir=\"auto\" style=\"text-align: justify;\">Os membros Prime poder\u00e3o assistir \u00e0 Canga\u00e7o Novo em qualquer lugar e a qualquer hora no aplicativo Prime Video para smart TVs, dispositivos m\u00f3veis, Fire TV, Fire TV stick, Fire tablets, Apple TV e transmiss\u00e3o online. No aplicativo Prime Video, os membros Prime podem baixar epis\u00f3dios em seus dispositivos m\u00f3veis e tablets e assistir em qualquer lugar offline. O V\u00eddeo Prime est\u00e1 dispon\u00edvel no Brasil sem custo adicional para uma assinatura Prime por apenas R$ 9,90 por m\u00eas ou R$ 89 por ano; novos clientes podem saber mais em\u00a0<a href=\"https:\/\/www.amazon.com.br\/prime\" target=\"_blank\" rel=\"noopener noreferrer\" data-saferedirecturl=\"https:\/\/www.google.com\/url?q=https:\/\/www.amazon.com.br\/prime&amp;source=gmail&amp;ust=1689286062130000&amp;usg=AOvVaw203mNDwLLBReFGITrxXsia\">https:\/\/www.amazon.com.br\/<wbr \/>prime<\/a>\u00a0e inscrever-se para uma avalia\u00e7\u00e3o gratuita de 30 dias.<\/div>\n<div dir=\"auto\">\u00a0<\/div>\n<div dir=\"auto\" style=\"text-align: justify;\"><strong>Rafael Amancio<\/strong><\/div>\n<div dir=\"auto\">\u00a0<\/div>\n<div dir=\"auto\" style=\"text-align: justify;\">Ator, Jornalista e Produtor. Come\u00e7ou no teatro aos 12 anos e participou de mais de 20 pe\u00e7as como ator, entre elas, Dom Chicote Mula Manca&#8221; dire\u00e7\u00e3o Nildo Garbo, &#8220;Deus Danado&#8221; tamb\u00e9m dirigido por Nildo Garbo, &#8220;O Desejado Rei Dom Sebasti\u00e3o&#8221; dire\u00e7\u00e3o Moncho Rodrigu\u00eas e &#8220;Olha Pro C\u00e9u Meu Amor&#8221; dire\u00e7\u00e3o de Vital Santos. Participou de diversos festivais e mostras, entre elas, &#8220;Ribalta Pernambucana&#8221; no Rio de Janeiro, &#8220;Festival Nacional do Palco Girat\u00f3rio&#8221;, 3\u00aa Encontro de Palha\u00e7os do Mundo em Portugal, Janeiro de Grandes Espet\u00e1culos em tr\u00eas edi\u00e7\u00f5es no Recife e Mostra Paulista de Dramaturgia Nordestina em S\u00e3o Paulo.<\/div>\n<div dir=\"auto\">\u00a0<\/div>\n<div dir=\"auto\" style=\"text-align: justify;\">No cinema participou de dois filmes, um deles &#8220;Jesus Tamb\u00e9m Foi Menino&#8221; Dire\u00e7\u00e3o de J\u00f4 Albuquerque e Edvaldo Santos, na TV, uma participa\u00e7\u00e3o na novela &#8220;Velho Chico&#8221; de Benedito Ruy Barbosa e dire\u00e7\u00e3o de Luiz Fernando Carvalho. \u00a0como professor do n\u00facleo art\u00edstico de Sair\u00e9-PE projeto social com crian\u00e7as vulner\u00e1veis, \u00a0participou de um interc\u00e2mbio de atores em Portugal para trabalhar com saudoso Moncho Rodrigues. Na tv que realizou v\u00e1rios projetos jornal\u00edsticos como &#8221; Sarau de Arcoverde&#8221; TV Jornal j\u00e1 no cinema que sua carreira se projetou ap\u00f3s a participa\u00e7\u00e3o na novela &#8220;Velho Chico&#8221; de Benedito Ruy Barbosa e Carro Rei filme de Renata Pinheiro vencedor do Festival de Gramado 2021.<\/div>\n<div dir=\"auto\">\u00a0<\/div>\n<div dir=\"auto\" style=\"text-align: justify;\"><strong>Elenco<\/strong><\/div>\n<div dir=\"auto\">\u00a0<\/div>\n<div dir=\"auto\" style=\"text-align: justify;\">Canga\u00e7o Novo \u00e9 estrelada por Allan Souza Lima, Alice Carvalho, Thain\u00e1 Duarte, Ricardo Blat, Marc\u00e9lia Cartaxo, Hermila Guedes, \u00canio Cavalcante, Ad\u00e9lio Lima, Jo\u00e1lisson Cunha, Pedro Lamin, Nivaldo Nascimento, Pedro Wagner, Rafael Amancio, Rodrigo Garc\u00eda e Luiz Carlos Vasconcelos. Os roteiristas da s\u00e9rie s\u00e3o Fernando Garrido, Mariana Bardan, Eduardo Melo, Erez Milgrom e Viviane Pistache. E produ\u00e7\u00e3o de Andrea Barata Ribeiro e Bel Berlinck da O2 Filmes.<\/div>\n<div dir=\"auto\">\u00a0<\/div>\n<div dir=\"auto\" style=\"text-align: justify;\">Se inscreva no canal do Blog no You Tube<\/div>\n<div dir=\"auto\" style=\"text-align: justify;\">Siga o Instagram do Blog @blogdoedvaldomagalhaes<\/div>\n\n\n<figure class=\"wp-block-image size-large\"><img loading=\"lazy\" decoding=\"async\" width=\"768\" height=\"1024\" src=\"https:\/\/blogdoedvaldomagalhaes.com.br\/wp-content\/uploads\/2023\/07\/7fec5744-7a04-4948-8d91-ed26590f1fac-768x1024.jpeg\" alt=\"\" class=\"wp-image-98546\" srcset=\"https:\/\/blogdoedvaldomagalhaes.com.br\/wp-content\/uploads\/2023\/07\/7fec5744-7a04-4948-8d91-ed26590f1fac-768x1024.jpeg 768w, https:\/\/blogdoedvaldomagalhaes.com.br\/wp-content\/uploads\/2023\/07\/7fec5744-7a04-4948-8d91-ed26590f1fac-225x300.jpeg 225w, https:\/\/blogdoedvaldomagalhaes.com.br\/wp-content\/uploads\/2023\/07\/7fec5744-7a04-4948-8d91-ed26590f1fac-1152x1536.jpeg 1152w, https:\/\/blogdoedvaldomagalhaes.com.br\/wp-content\/uploads\/2023\/07\/7fec5744-7a04-4948-8d91-ed26590f1fac.jpeg 1200w\" sizes=\"auto, (max-width: 768px) 100vw, 768px\" \/><figcaption class=\"wp-element-caption\">Fotos: Alan Souza <\/figcaption><\/figure>\n","protected":false},"excerpt":{"rendered":"<p>O Ator caruaruense Rafael Amancio faz parte do elenco da s\u00e9rie &#8220;Canga\u00e7o Novo&#8221; da Amazon Prime Video, a partir do&hellip;<\/p>\n","protected":false},"author":1,"featured_media":98545,"comment_status":"closed","ping_status":"open","sticky":false,"template":"","format":"standard","meta":{"footnotes":""},"categories":[14120],"tags":[28036,2,19532,3406],"class_list":["post-98543","post","type-post","status-publish","format-standard","has-post-thumbnail","hentry","category-noticias","tag-ator-caruaruense-faz-parte-do-elenco-da-serie-cangaco-novo","tag-blog-do-edvaldo-magalhaes","tag-blog-mais-acessado-e-visualizado-de-caruaru-e-regiao","tag-caruaru"],"_links":{"self":[{"href":"https:\/\/blogdoedvaldomagalhaes.com.br\/index.php\/wp-json\/wp\/v2\/posts\/98543","targetHints":{"allow":["GET"]}}],"collection":[{"href":"https:\/\/blogdoedvaldomagalhaes.com.br\/index.php\/wp-json\/wp\/v2\/posts"}],"about":[{"href":"https:\/\/blogdoedvaldomagalhaes.com.br\/index.php\/wp-json\/wp\/v2\/types\/post"}],"author":[{"embeddable":true,"href":"https:\/\/blogdoedvaldomagalhaes.com.br\/index.php\/wp-json\/wp\/v2\/users\/1"}],"replies":[{"embeddable":true,"href":"https:\/\/blogdoedvaldomagalhaes.com.br\/index.php\/wp-json\/wp\/v2\/comments?post=98543"}],"version-history":[{"count":2,"href":"https:\/\/blogdoedvaldomagalhaes.com.br\/index.php\/wp-json\/wp\/v2\/posts\/98543\/revisions"}],"predecessor-version":[{"id":98548,"href":"https:\/\/blogdoedvaldomagalhaes.com.br\/index.php\/wp-json\/wp\/v2\/posts\/98543\/revisions\/98548"}],"wp:featuredmedia":[{"embeddable":true,"href":"https:\/\/blogdoedvaldomagalhaes.com.br\/index.php\/wp-json\/wp\/v2\/media\/98545"}],"wp:attachment":[{"href":"https:\/\/blogdoedvaldomagalhaes.com.br\/index.php\/wp-json\/wp\/v2\/media?parent=98543"}],"wp:term":[{"taxonomy":"category","embeddable":true,"href":"https:\/\/blogdoedvaldomagalhaes.com.br\/index.php\/wp-json\/wp\/v2\/categories?post=98543"},{"taxonomy":"post_tag","embeddable":true,"href":"https:\/\/blogdoedvaldomagalhaes.com.br\/index.php\/wp-json\/wp\/v2\/tags?post=98543"}],"curies":[{"name":"wp","href":"https:\/\/api.w.org\/{rel}","templated":true}]}}