{"id":98537,"date":"2023-07-12T18:42:03","date_gmt":"2023-07-12T21:42:03","guid":{"rendered":"https:\/\/blogdoedvaldomagalhaes.com.br\/?p=98537"},"modified":"2023-07-12T18:45:49","modified_gmt":"2023-07-12T21:45:49","slug":"hesitacao-vacinal-nos-pets-na-pos-pandemia-por-breno-tabosa","status":"publish","type":"post","link":"https:\/\/blogdoedvaldomagalhaes.com.br\/index.php\/2023\/07\/12\/hesitacao-vacinal-nos-pets-na-pos-pandemia-por-breno-tabosa\/","title":{"rendered":"Hesita\u00e7\u00e3o vacinal nos pets\u00a0no\u00a0p\u00f3s pandemia &#8211; por Breno Tabosa"},"content":{"rendered":"<p style=\"text-align: justify;\"><span class=\"s4\" style=\"font-size: revert;\"><span class=\"bumpedFont15\">Ver a alegria e crescimento do seu pet, <\/span><\/span><span class=\"s4\" style=\"font-size: revert;\"><span class=\"bumpedFont15\">acompan<\/span><\/span><span class=\"s4\" style=\"font-size: revert;\"><span class=\"bumpedFont15\">han<\/span><\/span><span class=\"s4\" style=\"font-size: revert;\"><span class=\"bumpedFont15\">do cada fase de sua vida<\/span><\/span><span class=\"s4\" style=\"font-size: revert;\"><span class=\"bumpedFont15\"> \u00e9 sensacional. R<\/span><\/span><span class=\"s4\" style=\"font-size: revert;\"><span class=\"bumpedFont15\">ir com todas as traversuras que essa bolinha de pelos proporciona, depois ver a cara de<\/span><\/span><span class=\"s4\" style=\"font-size: revert;\"><span class=\"bumpedFont15\">le <\/span><\/span><span class=\"s4\" style=\"font-size: revert;\"><span class=\"bumpedFont15\">j\u00e1 <\/span><\/span><span class=\"s4\" style=\"font-size: revert;\"><span class=\"bumpedFont15\">adulto<\/span><\/span><span class=\"s4\" style=\"font-size: revert;\"><span class=\"bumpedFont15\">,<\/span><\/span><span class=\"s4\" style=\"font-size: revert;\"><span class=\"bumpedFont15\">destrambelhado pedindo para passear, n\u00e3o aceitando que <\/span><\/span><span class=\"s4\" style=\"font-size: revert;\"><span class=\"bumpedFont15\">n\u00e3o seja <\/span><\/span><span class=\"s4\" style=\"font-size: revert;\"><span class=\"bumpedFont15\">feriado<\/span><\/span><span class=\"s4\" style=\"font-size: revert;\"><span class=\"bumpedFont15\"> ou<\/span><\/span><span class=\"s4\" style=\"font-size: revert;\"><span class=\"bumpedFont15\"> domingo<\/span><\/span><span class=\"s4\" style=\"font-size: revert;\"><span class=\"bumpedFont15\">,<\/span><\/span><span class=\"s4\" style=\"font-size: revert;\"><span class=\"bumpedFont15\"> ele quer \u00e9 passear<\/span><\/span><span class=\"s4\" style=\"font-size: revert;\"><span class=\"bumpedFont15\">, e<\/span><\/span><span class=\"s4\" style=\"font-size: revert;\"><span class=\"bumpedFont15\"> a<\/span><\/span><span class=\"s4\" style=\"font-size: revert;\"><span class=\"bumpedFont15\">i!<\/span><\/span><span class=\"s4\" style=\"font-size: revert;\"><span class=\"bumpedFont15\"> de voc\u00ea se n\u00e3o for<\/span><\/span><span class=\"s4\" style=\"font-size: revert;\"><span class=\"bumpedFont15\">, o<\/span><\/span><span class=\"s4\" style=\"font-size: revert;\"><span class=\"bumpedFont15\">u <\/span><\/span><span class=\"s4\" style=\"font-size: revert;\"><span class=\"bumpedFont15\">j\u00e1<\/span><\/span><span class=\"s4\" style=\"font-size: revert;\"><span class=\"bumpedFont15\"> na fase da senioridade<\/span><\/span><span class=\"s4\" style=\"font-size: revert;\"><span class=\"bumpedFont15\">, <\/span><\/span><span class=\"s4\" style=\"font-size: revert;\"><span class=\"bumpedFont15\">tranquil\u00e3o querendo sossego, e<\/span><\/span> <span class=\"s4\" style=\"font-size: revert;\"><span class=\"bumpedFont15\">como tem crescido o n\u00famero de animais pets s\u00eanior<\/span><\/span><span class=\"s4\" style=\"font-size: revert;\"><span class=\"bumpedFont15\"> em nossa sociedade. Essa \u00e9<\/span><\/span> <span class=\"s4\" style=\"font-size: revert;\"><span class=\"bumpedFont15\">a <\/span><\/span><span class=\"s4\" style=\"font-size: revert;\"><span class=\"bumpedFont15\">fase <\/span><\/span><span class=\"s4\" style=\"font-size: revert;\"><span class=\"bumpedFont15\">dos nossos velhinhos, momento delicado da vida, pois, com a idade avan\u00e7ando <\/span><\/span><span class=\"s4\" style=\"font-size: revert;\"><span class=\"bumpedFont15\">as idas e vindas ao consult\u00f3rio m\u00e9dico <\/span><\/span><span class=\"s4\" style=\"font-size: revert;\"><span class=\"bumpedFont15\">se torn\u00e3o mais necess\u00e1rias e ocorrer\u00e3o<\/span><\/span> <span class=\"s4\" style=\"font-size: revert;\"><span class=\"bumpedFont15\">com maior <\/span><\/span><span class=\"s4\" style=\"font-size: revert;\"><span class=\"bumpedFont15\">frequ\u00eancia<\/span><\/span><span class=\"s4\" style=\"font-size: revert;\"><span class=\"bumpedFont15\">.<\/span><\/span><\/p>\n<p class=\"s5\" style=\"text-align: justify;\"><span class=\"s4\"><span class=\"bumpedFont15\">Permitir que seu pet possa passar por essas fases da vida, ao lado de todos da fam\u00edlia, requer cuidados com a <\/span><\/span><span class=\"s4\"><span class=\"bumpedFont15\">sua <\/span><\/span><span class=\"s4\"><span class=\"bumpedFont15\">sa<\/span><\/span><span class=\"s4\"><span class=\"bumpedFont15\">\u00fade<\/span><\/span><span class=\"s4\"><span class=\"bumpedFont15\"> tamb\u00e9m ao longo dessa exist\u00eancia. O<\/span><\/span><span class=\"s4\"><span class=\"bumpedFont15\"> m\u00eas de julho \u00e9 o m\u00eas dedicado a conscientiza\u00e7\u00e3o da vacina animal e preven\u00e7\u00e3o a doen\u00e7as s\u00e9rias.<\/span><\/span> <span class=\"s4\"><span class=\"bumpedFont15\">Isso porque a vacina\u00e7\u00e3o \u00e9 a maneira mais eficaz para o fortalecimento do sistema imunol\u00f3gico e consequentemente a prote\u00e7\u00e3o <\/span><\/span><span class=\"s4\"><span class=\"bumpedFont15\">contra<\/span><\/span><span class=\"s4\"><span class=\"bumpedFont15\"> doen\u00e7as. <\/span><\/span><\/p>\n<p class=\"s3\" style=\"text-align: justify;\">\u200b<span class=\"s4\"><span class=\"bumpedFont15\">Todos os dias <\/span><\/span><span class=\"s4\"><span class=\"bumpedFont15\">o<\/span><\/span><span class=\"s4\"><span class=\"bumpedFont15\"> sistema imunol\u00f3gico trava uma guerra contra microrganismo pat\u00f3genos<\/span><\/span><span class=\"s4\"><span class=\"bumpedFont15\">, <\/span><\/span><span class=\"s4\"><span class=\"bumpedFont15\">que podem levar nossos pets a graves <\/span><\/span><span class=\"s4\"><span class=\"bumpedFont15\">doen\u00e7as que causam <\/span><\/span><span class=\"s4\"><span class=\"bumpedFont15\">les\u00f5es e muitas vezes <\/span><\/span><span class=\"s4\"><span class=\"bumpedFont15\">\u00e0<\/span><\/span><span class=\"s4\"><span class=\"bumpedFont15\"> morte. Para <\/span><\/span><span class=\"s4\"><span class=\"bumpedFont15\">se criar<\/span><\/span><span class=\"s4\"><span class=\"bumpedFont15\"> um ex\u00e9rcito forte e preparado, existem dois caminhos, a imunidade ativa e a imunidade passiva<\/span><\/span><span class=\"s4\"><span class=\"bumpedFont15\">.<\/span><\/span> <span class=\"s4\"><span class=\"bumpedFont15\">E<\/span><\/span><span class=\"s4\"><span class=\"bumpedFont15\">ssas imunidades podem ser ativadas de forma natural ou artificial. Na imunidade ativa<\/span><\/span><span class=\"s4\"><span class=\"bumpedFont15\"> ela<\/span><\/span><span class=\"s4\"><span class=\"bumpedFont15\"> pode ser <\/span><\/span><span class=\"s4\"><span class=\"bumpedFont15\">ativada de forma<\/span><\/span><span class=\"s4\"><span class=\"bumpedFont15\"> natural <\/span><\/span><span class=\"s4\"><span class=\"bumpedFont15\">quando <\/span><\/span><span class=\"s4\"><span class=\"bumpedFont15\">causada p<\/span><\/span><span class=\"s4\"><span class=\"bumpedFont15\">or<\/span><\/span> <span class=\"s4\"><span class=\"bumpedFont15\">uma <\/span><\/span><span class=\"s4\"><span class=\"bumpedFont15\">infec\u00e7\u00e3o e<\/span><\/span><span class=\"s4\"><span class=\"bumpedFont15\">de forma<\/span><\/span><span class=\"s4\"><span class=\"bumpedFont15\"> artificial atrav\u00e9s da vacina\u00e7\u00e3o. Na imunidade passiva a forma <\/span><\/span><span class=\"s4\"><span class=\"bumpedFont15\">de ativa\u00e7\u00e3o <\/span><\/span><span class=\"s4\"><span class=\"bumpedFont15\">natural <\/span><\/span><span class=\"s4\"><span class=\"bumpedFont15\">se faz <\/span><\/span><span class=\"s4\"><span class=\"bumpedFont15\">por via da placenta e pela ingest\u00e3o do colostro e<\/span><\/span><span class=\"s4\"><span class=\"bumpedFont15\">nquanto que <\/span><\/span><span class=\"s4\"><span class=\"bumpedFont15\">a forma artificial<\/span><\/span><span class=\"s4\"><span class=\"bumpedFont15\"> se realiza<\/span><\/span><span class=\"s4\"><span class=\"bumpedFont15\"> atrav\u00e9s do soro.<\/span><\/span> <span class=\"s4\"><span class=\"bumpedFont15\">Da\u00ed a import\u00e2ncia, do pr\u00e9 natal, pois<\/span><\/span><span class=\"s4\"><span class=\"bumpedFont15\">,<\/span><\/span><span class=\"s4\"><span class=\"bumpedFont15\"> uma m\u00e3e vacinada e bem nutrida, gera filhotes saud\u00e1veis<\/span><\/span><span class=\"s4\"><span class=\"bumpedFont15\"> e j\u00e1 imunes a v\u00e1rias doen\u00e7as. P<\/span><\/span><span class=\"s4\"><span class=\"bumpedFont15\">or\u00e9m essa imunidade passiva n\u00e3o tem mem\u00f3ria longa<\/span><\/span><span class=\"s4\"><span class=\"bumpedFont15\"> e <\/span><\/span><span class=\"s4\"><span class=\"bumpedFont15\">para n\u00e3o<\/span><\/span><span class=\"s4\"><span class=\"bumpedFont15\"> se<\/span><\/span><span class=\"s4\"><span class=\"bumpedFont15\">perder essa <\/span><\/span><span class=\"s4\"><span class=\"bumpedFont15\">guerra<\/span><\/span> <span class=\"s4\"><span class=\"bumpedFont15\">\u00e9 necess\u00e1rio <\/span><\/span><span class=\"s4\"><span class=\"bumpedFont15\">ativar a <\/span><\/span><span class=\"s4\"><span class=\"bumpedFont15\">imunidade<\/span><\/span><span class=\"s4\"><span class=\"bumpedFont15\">passiva e <\/span><\/span><span class=\"s4\"><span class=\"bumpedFont15\">natural atrav\u00e9s da<\/span><\/span><span class=\"s4\"><span class=\"bumpedFont15\"> imunidade ativa e artificial por meio das vacina\u00e7\u00f5es<\/span><\/span><span class=\"s4\"><span class=\"bumpedFont15\">.<\/span><\/span><\/p>\n<p class=\"s5\" style=\"text-align: justify;\"><span class=\"s4\"><span class=\"bumpedFont15\">As vacinas dispon\u00edveis hoje de car\u00e1ter obrigat\u00f3rio para c\u00e3es, s\u00e3o conhecidas popularmente V8 ou V10 e para os gatos V3\/V4 ou V5 ((V de v\u00edrus 3\/4\/5\/8\/10 quantidades de microrganismo). Elas v\u00e3o causar um processo inflamat\u00f3rio que ir\u00e1 ativar o sistema imunol\u00f3gico e da<\/span><\/span><span class=\"s4\"><span class=\"bumpedFont15\">\u00ed<\/span><\/span><span class=\"s4\"><span class=\"bumpedFont15\"> come\u00e7a a produ\u00e7\u00e3o de anticorpos, os nossos soldados, que v<\/span><\/span><span class=\"s4\"><span class=\"bumpedFont15\">\u00e3o<\/span><\/span><span class=\"s4\"><span class=\"bumpedFont15\"> defender nossos pets quando de fato o invasor (v\u00edrus ou bact\u00e9rias) t<\/span><\/span><span class=\"s4\"><span class=\"bumpedFont15\">iv<\/span><\/span><span class=\"s4\"><span class=\"bumpedFont15\">er contato com nossos pets.<\/span><\/span><\/p>\n<p class=\"s5\" style=\"text-align: justify;\"><span class=\"s4\"><span class=\"bumpedFont15\">Nos \u00faltimos anos<\/span><\/span><span class=\"s4\"><span class=\"bumpedFont15\">, <\/span><\/span><span class=\"s4\"><span class=\"bumpedFont15\">2021\/2022<\/span><\/span><span class=\"s4\"><span class=\"bumpedFont15\">,<\/span><\/span> <span class=\"s4\"><span class=\"bumpedFont15\">per\u00edodo<\/span><\/span><span class=\"s4\"><span class=\"bumpedFont15\"> da pandemia, travou-se uma batalha contra a vacina\u00e7\u00e3o<\/span><\/span><span class=\"s4\"><span class=\"bumpedFont15\">e \u00e0s vacinas, N<\/span><\/span><span class=\"s4\"><span class=\"bumpedFont15\">egacionismo que<\/span><\/span><span class=\"s4\"><span class=\"bumpedFont15\"> associou a vacina \u00e0 muta\u00e7\u00e3o com jacar\u00e9<\/span><\/span><span class=\"s4\"><span class=\"bumpedFont15\"> entre outras loucuras<\/span><\/span><span class=\"s4\"><span class=\"bumpedFont15\">. Absurdos \u00e0 parte, epis\u00f3dio semelhante aconteceu com a vacina <\/span><\/span><span class=\"s4\"><span class=\"bumpedFont15\">contra <\/span><\/span><span class=\"s4\"><span class=\"bumpedFont15\">a <\/span><\/span><span class=\"s4\"><span class=\"bumpedFont15\">var\u00edola<\/span><\/span><span class=\"s4\"><span class=\"bumpedFont15\"> em 1796, associada a muta\u00e7\u00e3o com uma <\/span><\/span><span class=\"s4\"><span class=\"bumpedFont15\">cabe\u00e7a de vaca<\/span><\/span><span class=\"s4\"><span class=\"bumpedFont15\">. <\/span><\/span><span class=\"s4\"><span class=\"bumpedFont15\">Dados recentes mostram quedas nas vacina<\/span><\/span><span class=\"s4\"><span class=\"bumpedFont15\">\u00e7\u00f5e<\/span><\/span><span class=\"s4\"><span class=\"bumpedFont15\">s e nas revacina\u00e7\u00f5es dos nossos pets<\/span><\/span><span class=\"s4\"><span class=\"bumpedFont15\">.<\/span><\/span> <span class=\"s4\"><span class=\"bumpedFont15\">O<\/span><\/span><span class=\"s4\"><span class=\"bumpedFont15\"> fator financeiro \u00e9 a principal causa<\/span><\/span><span class=\"s4\"><span class=\"bumpedFont15\"> dessa <\/span><\/span><span class=\"s4\"><span class=\"bumpedFont15\">diminui\u00e7\u00e3o<\/span><\/span><span class=\"s4\"><span class=\"bumpedFont15\">, acompanhado<\/span><\/span><span class=\"s4\"><span class=\"bumpedFont15\"> em segundo lugar<\/span><\/span> <span class=\"s4\"><span class=\"bumpedFont15\">d<\/span><\/span><span class=\"s4\"><span class=\"bumpedFont15\">o autoengano<\/span><\/span><span class=\"s4\"><span class=\"bumpedFont15\">, <\/span><\/span><span class=\"s4\"><span class=\"bumpedFont15\">\u201cmeu pet n\u00e3o entra em contato com outros animais\u201d<\/span><\/span><span class=\"s4\"><span class=\"bumpedFont15\">;<\/span><\/span><span class=\"s4\"><span class=\"bumpedFont15\"> e em terceiro <\/span><\/span><span class=\"s4\"><span class=\"bumpedFont15\">lugar a particular\u00edssima opini\u00e3o<\/span><\/span><span class=\"s4\"><span class=\"bumpedFont15\"> irrespons\u00e1vel<\/span><\/span><span class=\"s4\"><span class=\"bumpedFont15\">, <\/span><\/span><span class=\"s4\"><span class=\"bumpedFont15\">\u201cn\u00e3o vejo necessidade\u201d.<\/span><\/span><span class=\"s4\"><span class=\"bumpedFont15\"> Ainda sobre a rela\u00e7\u00e3o entre vacina\u00e7\u00e3o, humanos e pets um <\/span><\/span><span class=\"s4\"><span class=\"bumpedFont15\">dado importante<\/span><\/span><span class=\"s4\"><span class=\"bumpedFont15\">pode ser retirada da <\/span><\/span><span class=\"s4\"><span class=\"bumpedFont15\">recente <\/span><\/span><span class=\"s4\"><span class=\"bumpedFont15\">pesquisa publicada <\/span><\/span><span class=\"s4\"><span class=\"bumpedFont15\">pela equipe do Laborat\u00f3rio de Bacterioses e Pesquisa da Escola de Veterin\u00e1ria da UFMG<\/span><\/span><span class=\"s4\"><span class=\"bumpedFont15\">. A pesquisa mostra <\/span><\/span><span class=\"s4\"><span class=\"bumpedFont15\">que tutores que n\u00e3o se vacina<\/span><\/span><span class=\"s4\"><span class=\"bumpedFont15\">ram <\/span><\/span><span class=\"s4\"><span class=\"bumpedFont15\">contra <\/span><\/span><span class=\"s4\"><span class=\"bumpedFont15\">a <\/span><\/span><span class=\"s4\"><span class=\"bumpedFont15\">covid-19<\/span><\/span><span class=\"s4\"><span class=\"bumpedFont15\">,<\/span><\/span><span class=\"s4\"><span class=\"bumpedFont15\">possuem probabilidade<\/span><\/span><span class=\"s4\"><span class=\"bumpedFont15\"> sete <\/span><\/span><span class=\"s4\"><span class=\"bumpedFont15\">vezes <\/span><\/span><span class=\"s4\"><span class=\"bumpedFont15\">ma<\/span><\/span><span class=\"s4\"><span class=\"bumpedFont15\">ior <\/span><\/span><span class=\"s4\"><span class=\"bumpedFont15\">de tamb\u00e9m n\u00e3o <\/span><\/span><span class=\"s4\"><span class=\"bumpedFont15\">terem v<\/span><\/span><span class=\"s4\"><span class=\"bumpedFont15\">acina<\/span><\/span><span class=\"s4\"><span class=\"bumpedFont15\">do<\/span><\/span><span class=\"s4\"><span class=\"bumpedFont15\"> seus c\u00e3es.<\/span><\/span><\/p>\n<p class=\"s3\" style=\"text-align: justify;\">\u200b<span class=\"s4\"><span class=\"bumpedFont15\">Felizmente, para <\/span><\/span><span class=\"s4\"><span class=\"bumpedFont15\">a<\/span><\/span><span class=\"s4\"><span class=\"bumpedFont15\"> maioria da<\/span><\/span><span class=\"s4\"><span class=\"bumpedFont15\">s doen\u00e7as<\/span><\/span><span class=\"s4\"><span class=\"bumpedFont15\">existentes <\/span><\/span><span class=\"s4\"><span class=\"bumpedFont15\">que causam <\/span><\/span><span class=\"s4\"><span class=\"bumpedFont15\">as mortes<\/span><\/span><span class=\"s4\"><span class=\"bumpedFont15\"> dos nossos pets existem imunizantes <\/span><\/span><span class=\"s4\"><span class=\"bumpedFont15\">pr\u00f3prios e seguros<\/span><\/span><span class=\"s4\"><span class=\"bumpedFont15\">,<\/span><\/span><span class=\"s4\"><span class=\"bumpedFont15\"> dos mais diversos laborat\u00f3rios. No entanto, esses imunizantes s\u00f3 devem ser ministrados e aplicados ap\u00f3s o exame cl\u00ednico do seu pet<\/span><\/span><span class=\"s4\"><span class=\"bumpedFont15\"> realizado pelo seu m\u00e9dico veterin\u00e1rio<\/span><\/span><span class=\"s4\"><span class=\"bumpedFont15\">. Importante tamb\u00e9m o tutor entender que para uma efetiva imuniza\u00e7\u00e3o o animal deve<\/span><\/span><span class=\"s4\"><span class=\"bumpedFont15\">obedecer<\/span><\/span><span class=\"s4\"><span class=\"bumpedFont15\"> a <\/span><\/span><span class=\"s4\"><span class=\"bumpedFont15\">um calend\u00e1rio vacinal contra <\/span><\/span><span class=\"s4\"><span class=\"bumpedFont15\">v\u00e1rias <\/span><\/span><span class=\"s4\"><span class=\"bumpedFont15\">doen\u00e7as<\/span><\/span><span class=\"s4\"><span class=\"bumpedFont15\"> como;<\/span><\/span> <span class=\"s4\"><span class=\"bumpedFont15\">p<\/span><\/span><span class=\"s4\"><span class=\"bumpedFont15\">avovirose<\/span><\/span><span class=\"s4\"><span class=\"bumpedFont15\">. <\/span><\/span><span class=\"s4\"><span class=\"bumpedFont15\">c<\/span><\/span><span class=\"s4\"><span class=\"bumpedFont15\">inomose, hepatite, leptospirose, <\/span><\/span><span class=\"s4\"><span class=\"bumpedFont15\">coronav\u00edrus<\/span><\/span><span class=\"s4\"><span class=\"bumpedFont15\">, adenovirose, leucemia felina, panleucopenia, calivirus, <\/span><\/span><span class=\"s4\"><span class=\"bumpedFont15\">rinotraque\u00edte e o v\u00edrus da raiva uma das principais zoonoses. <\/span><\/span><\/p>\n<p class=\"s3\" style=\"text-align: justify;\">\u200b<span class=\"s4\"><span class=\"bumpedFont15\">Voc\u00ea \u00e9 livre para fazer suas pr\u00f3prias escolhas, mas nunca estar\u00e1 livre das consequ\u00eancias delas.<\/span><\/span><span class=\"s4\"><span class=\"bumpedFont15\">Procure informa\u00e7\u00f5es com um profissional m\u00e9dico(a) veterin\u00e1rio(a).<\/span><\/span><\/p>\n<p class=\"s7\" style=\"text-align: justify;\"><span class=\"s6\"><span class=\"bumpedFont20\">Por <\/span><\/span><span class=\"s6\"><span class=\"bumpedFont20\">B<\/span><\/span><span class=\"s6\"><span class=\"bumpedFont20\">reno <\/span><\/span><span class=\"s6\"><span class=\"bumpedFont20\">T<\/span><\/span><span class=\"s6\"><span class=\"bumpedFont20\">abosa &#8211; M<\/span><\/span><span style=\"font-size: revert; color: initial;\">\u00e9dico veterin\u00e1rio &#8211; D<\/span><span style=\"font-size: revert; color: initial;\">iretor da clinica hopevet.<\/span><\/p>\n<p style=\"text-align: justify;\">Foto ilustrativa: Prefeitura de Porto Velho\/Divulga\u00e7\u00e3o.<\/p>\n<p style=\"text-align: justify;\">Se inscreva no canal do Blog no You Tube<\/p>\n<p style=\"text-align: justify;\">Siga o Instagram do Blog @blogdoedvaldomagalhaes<\/p>\n","protected":false},"excerpt":{"rendered":"<p>Ver a alegria e crescimento do seu pet, acompanhando cada fase de sua vida \u00e9 sensacional. Rir com todas as&hellip;<\/p>\n","protected":false},"author":1,"featured_media":98539,"comment_status":"closed","ping_status":"open","sticky":false,"template":"","format":"standard","meta":{"footnotes":""},"categories":[14120],"tags":[2,19532,3406,28035],"class_list":["post-98537","post","type-post","status-publish","format-standard","has-post-thumbnail","hentry","category-noticias","tag-blog-do-edvaldo-magalhaes","tag-blog-mais-acessado-e-visualizado-de-caruaru-e-regiao","tag-caruaru","tag-hesitacao-vacinal-nos-pets-na-pos-pandemia-por-breno-tabosa"],"_links":{"self":[{"href":"https:\/\/blogdoedvaldomagalhaes.com.br\/index.php\/wp-json\/wp\/v2\/posts\/98537","targetHints":{"allow":["GET"]}}],"collection":[{"href":"https:\/\/blogdoedvaldomagalhaes.com.br\/index.php\/wp-json\/wp\/v2\/posts"}],"about":[{"href":"https:\/\/blogdoedvaldomagalhaes.com.br\/index.php\/wp-json\/wp\/v2\/types\/post"}],"author":[{"embeddable":true,"href":"https:\/\/blogdoedvaldomagalhaes.com.br\/index.php\/wp-json\/wp\/v2\/users\/1"}],"replies":[{"embeddable":true,"href":"https:\/\/blogdoedvaldomagalhaes.com.br\/index.php\/wp-json\/wp\/v2\/comments?post=98537"}],"version-history":[{"count":3,"href":"https:\/\/blogdoedvaldomagalhaes.com.br\/index.php\/wp-json\/wp\/v2\/posts\/98537\/revisions"}],"predecessor-version":[{"id":98542,"href":"https:\/\/blogdoedvaldomagalhaes.com.br\/index.php\/wp-json\/wp\/v2\/posts\/98537\/revisions\/98542"}],"wp:featuredmedia":[{"embeddable":true,"href":"https:\/\/blogdoedvaldomagalhaes.com.br\/index.php\/wp-json\/wp\/v2\/media\/98539"}],"wp:attachment":[{"href":"https:\/\/blogdoedvaldomagalhaes.com.br\/index.php\/wp-json\/wp\/v2\/media?parent=98537"}],"wp:term":[{"taxonomy":"category","embeddable":true,"href":"https:\/\/blogdoedvaldomagalhaes.com.br\/index.php\/wp-json\/wp\/v2\/categories?post=98537"},{"taxonomy":"post_tag","embeddable":true,"href":"https:\/\/blogdoedvaldomagalhaes.com.br\/index.php\/wp-json\/wp\/v2\/tags?post=98537"}],"curies":[{"name":"wp","href":"https:\/\/api.w.org\/{rel}","templated":true}]}}