{"id":98525,"date":"2023-07-12T16:54:42","date_gmt":"2023-07-12T19:54:42","guid":{"rendered":"https:\/\/blogdoedvaldomagalhaes.com.br\/?p=98525"},"modified":"2023-07-12T16:57:52","modified_gmt":"2023-07-12T19:57:52","slug":"reaberta-unidade-da-apae-em-altinho","status":"publish","type":"post","link":"https:\/\/blogdoedvaldomagalhaes.com.br\/index.php\/2023\/07\/12\/reaberta-unidade-da-apae-em-altinho\/","title":{"rendered":"Reaberta unidade da Apae em Altinho"},"content":{"rendered":"<p style=\"text-align: justify;\"><span style=\"font-size: revert;\">Foi reaberta na \u00faltima segunda-feira, dia 10 de julho a sede da Associa\u00e7\u00e3o de Pais e Amigos dos Excepcionais &#8211; Apae de Altinho, o evento contou com a presen\u00e7a de diretores do movimento, representantes da prefeitura da cidade, pais, volunt\u00e1rios e Apaeanos.<\/span><\/p>\n<p style=\"text-align: justify;\">A Apae existe em Altinho desde o ano de 2017, h\u00e1 alguns meses passou por transi\u00e7\u00e3o de diretoria e agora reabre as portas no munic\u00edpio. Os atendimentos ter\u00e3o in\u00edcio na pr\u00f3xima segunda-feira, dia 17 de julho nas \u00e1reas de fisioterapia, psicologia, pedagogia, educa\u00e7\u00e3o f\u00edsica e nutri\u00e7\u00e3o, a princ\u00edpio ser\u00e3o atendidas 50 pessoas entre crian\u00e7as, adolescentes, jovens e adultos. A nova sede da Apae fica localizada na rua Padre F\u00e9lix Barreto, n\u00famero 77, centro &#8211; Altinho.<\/p>\n\n\n<figure class=\"wp-block-image size-large\"><img loading=\"lazy\" decoding=\"async\" width=\"1024\" height=\"682\" src=\"https:\/\/blogdoedvaldomagalhaes.com.br\/wp-content\/uploads\/2023\/07\/B44582D4-603C-465A-887B-AEFF9243DB0A-1024x682.jpeg\" alt=\"\" class=\"wp-image-98528\" srcset=\"https:\/\/blogdoedvaldomagalhaes.com.br\/wp-content\/uploads\/2023\/07\/B44582D4-603C-465A-887B-AEFF9243DB0A-1024x682.jpeg 1024w, https:\/\/blogdoedvaldomagalhaes.com.br\/wp-content\/uploads\/2023\/07\/B44582D4-603C-465A-887B-AEFF9243DB0A-300x200.jpeg 300w, https:\/\/blogdoedvaldomagalhaes.com.br\/wp-content\/uploads\/2023\/07\/B44582D4-603C-465A-887B-AEFF9243DB0A-768x512.jpeg 768w, https:\/\/blogdoedvaldomagalhaes.com.br\/wp-content\/uploads\/2023\/07\/B44582D4-603C-465A-887B-AEFF9243DB0A-1536x1023.jpeg 1536w, https:\/\/blogdoedvaldomagalhaes.com.br\/wp-content\/uploads\/2023\/07\/B44582D4-603C-465A-887B-AEFF9243DB0A.jpeg 1600w\" sizes=\"auto, (max-width: 1024px) 100vw, 1024px\" \/><\/figure>\n\n\n\n<figure class=\"wp-block-image size-large\"><img loading=\"lazy\" decoding=\"async\" width=\"1024\" height=\"682\" src=\"https:\/\/blogdoedvaldomagalhaes.com.br\/wp-content\/uploads\/2023\/07\/EBAF404F-859C-4DAD-AFBE-874099DF6304-1024x682.jpeg\" alt=\"\" class=\"wp-image-98530\" srcset=\"https:\/\/blogdoedvaldomagalhaes.com.br\/wp-content\/uploads\/2023\/07\/EBAF404F-859C-4DAD-AFBE-874099DF6304-1024x682.jpeg 1024w, https:\/\/blogdoedvaldomagalhaes.com.br\/wp-content\/uploads\/2023\/07\/EBAF404F-859C-4DAD-AFBE-874099DF6304-300x200.jpeg 300w, https:\/\/blogdoedvaldomagalhaes.com.br\/wp-content\/uploads\/2023\/07\/EBAF404F-859C-4DAD-AFBE-874099DF6304-768x512.jpeg 768w, https:\/\/blogdoedvaldomagalhaes.com.br\/wp-content\/uploads\/2023\/07\/EBAF404F-859C-4DAD-AFBE-874099DF6304-1536x1023.jpeg 1536w, https:\/\/blogdoedvaldomagalhaes.com.br\/wp-content\/uploads\/2023\/07\/EBAF404F-859C-4DAD-AFBE-874099DF6304.jpeg 1600w\" sizes=\"auto, (max-width: 1024px) 100vw, 1024px\" \/><\/figure>\n\n\n\n<figure class=\"wp-block-image size-large\"><img loading=\"lazy\" decoding=\"async\" width=\"1024\" height=\"682\" src=\"https:\/\/blogdoedvaldomagalhaes.com.br\/wp-content\/uploads\/2023\/07\/920A8464-B2E6-4CC3-9534-552A28C5A0C9-1024x682.jpeg\" alt=\"\" class=\"wp-image-98532\" srcset=\"https:\/\/blogdoedvaldomagalhaes.com.br\/wp-content\/uploads\/2023\/07\/920A8464-B2E6-4CC3-9534-552A28C5A0C9-1024x682.jpeg 1024w, https:\/\/blogdoedvaldomagalhaes.com.br\/wp-content\/uploads\/2023\/07\/920A8464-B2E6-4CC3-9534-552A28C5A0C9-300x200.jpeg 300w, https:\/\/blogdoedvaldomagalhaes.com.br\/wp-content\/uploads\/2023\/07\/920A8464-B2E6-4CC3-9534-552A28C5A0C9-768x512.jpeg 768w, https:\/\/blogdoedvaldomagalhaes.com.br\/wp-content\/uploads\/2023\/07\/920A8464-B2E6-4CC3-9534-552A28C5A0C9-1536x1023.jpeg 1536w, https:\/\/blogdoedvaldomagalhaes.com.br\/wp-content\/uploads\/2023\/07\/920A8464-B2E6-4CC3-9534-552A28C5A0C9.jpeg 1600w\" sizes=\"auto, (max-width: 1024px) 100vw, 1024px\" \/><\/figure>\n\n\n\n<figure class=\"wp-block-image size-large\"><img loading=\"lazy\" decoding=\"async\" width=\"1024\" height=\"682\" src=\"https:\/\/blogdoedvaldomagalhaes.com.br\/wp-content\/uploads\/2023\/07\/F5F0EFFB-2088-4AE1-B665-D4FE53AA1455-1024x682.jpeg\" alt=\"\" class=\"wp-image-98534\" srcset=\"https:\/\/blogdoedvaldomagalhaes.com.br\/wp-content\/uploads\/2023\/07\/F5F0EFFB-2088-4AE1-B665-D4FE53AA1455-1024x682.jpeg 1024w, https:\/\/blogdoedvaldomagalhaes.com.br\/wp-content\/uploads\/2023\/07\/F5F0EFFB-2088-4AE1-B665-D4FE53AA1455-300x200.jpeg 300w, https:\/\/blogdoedvaldomagalhaes.com.br\/wp-content\/uploads\/2023\/07\/F5F0EFFB-2088-4AE1-B665-D4FE53AA1455-768x512.jpeg 768w, https:\/\/blogdoedvaldomagalhaes.com.br\/wp-content\/uploads\/2023\/07\/F5F0EFFB-2088-4AE1-B665-D4FE53AA1455-1536x1023.jpeg 1536w, https:\/\/blogdoedvaldomagalhaes.com.br\/wp-content\/uploads\/2023\/07\/F5F0EFFB-2088-4AE1-B665-D4FE53AA1455.jpeg 1600w\" sizes=\"auto, (max-width: 1024px) 100vw, 1024px\" \/><figcaption class=\"wp-element-caption\">Fotos: Divulga\u00e7\u00e3o <\/figcaption><\/figure>\n","protected":false},"excerpt":{"rendered":"<p>Foi reaberta na \u00faltima segunda-feira, dia 10 de julho a sede da Associa\u00e7\u00e3o de Pais e Amigos dos Excepcionais &#8211;&hellip;<\/p>\n","protected":false},"author":1,"featured_media":98526,"comment_status":"closed","ping_status":"open","sticky":false,"template":"","format":"standard","meta":{"footnotes":""},"categories":[14120],"tags":[2,19532,3406,28034],"class_list":["post-98525","post","type-post","status-publish","format-standard","has-post-thumbnail","hentry","category-noticias","tag-blog-do-edvaldo-magalhaes","tag-blog-mais-acessado-e-visualizado-de-caruaru-e-regiao","tag-caruaru","tag-reaberta-unidade-da-apae-em-altinho"],"_links":{"self":[{"href":"https:\/\/blogdoedvaldomagalhaes.com.br\/index.php\/wp-json\/wp\/v2\/posts\/98525","targetHints":{"allow":["GET"]}}],"collection":[{"href":"https:\/\/blogdoedvaldomagalhaes.com.br\/index.php\/wp-json\/wp\/v2\/posts"}],"about":[{"href":"https:\/\/blogdoedvaldomagalhaes.com.br\/index.php\/wp-json\/wp\/v2\/types\/post"}],"author":[{"embeddable":true,"href":"https:\/\/blogdoedvaldomagalhaes.com.br\/index.php\/wp-json\/wp\/v2\/users\/1"}],"replies":[{"embeddable":true,"href":"https:\/\/blogdoedvaldomagalhaes.com.br\/index.php\/wp-json\/wp\/v2\/comments?post=98525"}],"version-history":[{"count":5,"href":"https:\/\/blogdoedvaldomagalhaes.com.br\/index.php\/wp-json\/wp\/v2\/posts\/98525\/revisions"}],"predecessor-version":[{"id":98535,"href":"https:\/\/blogdoedvaldomagalhaes.com.br\/index.php\/wp-json\/wp\/v2\/posts\/98525\/revisions\/98535"}],"wp:featuredmedia":[{"embeddable":true,"href":"https:\/\/blogdoedvaldomagalhaes.com.br\/index.php\/wp-json\/wp\/v2\/media\/98526"}],"wp:attachment":[{"href":"https:\/\/blogdoedvaldomagalhaes.com.br\/index.php\/wp-json\/wp\/v2\/media?parent=98525"}],"wp:term":[{"taxonomy":"category","embeddable":true,"href":"https:\/\/blogdoedvaldomagalhaes.com.br\/index.php\/wp-json\/wp\/v2\/categories?post=98525"},{"taxonomy":"post_tag","embeddable":true,"href":"https:\/\/blogdoedvaldomagalhaes.com.br\/index.php\/wp-json\/wp\/v2\/tags?post=98525"}],"curies":[{"name":"wp","href":"https:\/\/api.w.org\/{rel}","templated":true}]}}