{"id":98521,"date":"2023-07-12T14:10:31","date_gmt":"2023-07-12T17:10:31","guid":{"rendered":"https:\/\/blogdoedvaldomagalhaes.com.br\/?p=98521"},"modified":"2023-07-12T14:10:32","modified_gmt":"2023-07-12T17:10:32","slug":"4a-ciretran-caruaru-e-vistoriada-por-diretores-do-detran-pe","status":"publish","type":"post","link":"https:\/\/blogdoedvaldomagalhaes.com.br\/index.php\/2023\/07\/12\/4a-ciretran-caruaru-e-vistoriada-por-diretores-do-detran-pe\/","title":{"rendered":"4\u00aa CIRETRAN Caruaru \u00e9 vistoriada por diretores do DETRAN-PE"},"content":{"rendered":"<p style=\"text-align: justify;\">Nessa ter\u00e7a-feira (11), o coordenador da 4\u00aa CIRETRAN Caruaru, Nyverson Moura, recebeu a diretoria do DETRAN-PE, sendo: Carlos Fernando (presidente), Andr\u00e9 Trajano (diretor geral), e Felipe (diretor de fiscaliza\u00e7\u00e3o), al\u00e9m do comandante do 1\u00b0 BIEsp, coronel Carneiro. Eles v<span style=\"font-size: revert; color: initial;\">istoriaram as depend\u00eancias da 4\u00aa CIRETRAN Especial em Caruaru e alinharam entendimentos quanto as melhorias necess\u00e1rias para unidade.<\/span><\/p>\n<p style=\"text-align: justify;\">&#8220;Todas as medidas visam ampliar o bem estar e o conforto da popula\u00e7\u00e3o e dos servidores, sempre na busca por um atendimento c\u00e9lere e humanizado. Nossa miss\u00e3o \u00e9 proteger vidas e garantir um tr\u00e2nsito seguro para nossa popula\u00e7\u00e3o &#8220;, afirmou Nyverson.<\/p>\n<p style=\"text-align: justify;\">&#8220;Coronel Carneiro pontuou atua\u00e7\u00f5es importantes que podem, e ser\u00e3o implementadas com o somat\u00f3rio das nossas for\u00e7as&#8221;, finalizou Nyverson Moura.<\/p>\n<p style=\"text-align: justify;\">Se inscreva no canal do Blog no You Tube<\/p>\n<p style=\"text-align: justify;\">Siga o Instagram do Blog @blogdoedvaldomagalhaes<\/p>\n\n\n<figure class=\"wp-block-image size-large\"><img loading=\"lazy\" decoding=\"async\" width=\"1024\" height=\"682\" src=\"https:\/\/blogdoedvaldomagalhaes.com.br\/wp-content\/uploads\/2023\/07\/IMG-20230711-WA0165-1024x682.jpg\" alt=\"\" class=\"wp-image-98523\" srcset=\"https:\/\/blogdoedvaldomagalhaes.com.br\/wp-content\/uploads\/2023\/07\/IMG-20230711-WA0165-1024x682.jpg 1024w, https:\/\/blogdoedvaldomagalhaes.com.br\/wp-content\/uploads\/2023\/07\/IMG-20230711-WA0165-300x200.jpg 300w, https:\/\/blogdoedvaldomagalhaes.com.br\/wp-content\/uploads\/2023\/07\/IMG-20230711-WA0165-768x512.jpg 768w, https:\/\/blogdoedvaldomagalhaes.com.br\/wp-content\/uploads\/2023\/07\/IMG-20230711-WA0165-1536x1023.jpg 1536w, https:\/\/blogdoedvaldomagalhaes.com.br\/wp-content\/uploads\/2023\/07\/IMG-20230711-WA0165.jpg 1600w\" sizes=\"auto, (max-width: 1024px) 100vw, 1024px\" \/><figcaption class=\"wp-element-caption\">Fotos: Divulga\u00e7\u00e3o<\/figcaption><\/figure>\n","protected":false},"excerpt":{"rendered":"<p>Nessa ter\u00e7a-feira (11), o coordenador da 4\u00aa CIRETRAN Caruaru, Nyverson Moura, recebeu a diretoria do DETRAN-PE, sendo: Carlos Fernando (presidente),&hellip;<\/p>\n","protected":false},"author":1,"featured_media":98522,"comment_status":"closed","ping_status":"open","sticky":false,"template":"","format":"standard","meta":{"footnotes":""},"categories":[14120],"tags":[2,19532,3406,28033],"class_list":["post-98521","post","type-post","status-publish","format-standard","has-post-thumbnail","hentry","category-noticias","tag-blog-do-edvaldo-magalhaes","tag-blog-mais-acessado-e-visualizado-de-caruaru-e-regiao","tag-caruaru","tag-presidente-e-diretor-de-fiscalizacao-do-detran-pe-discutem-melhorias-para-4a-ciretran-caruaru"],"_links":{"self":[{"href":"https:\/\/blogdoedvaldomagalhaes.com.br\/index.php\/wp-json\/wp\/v2\/posts\/98521","targetHints":{"allow":["GET"]}}],"collection":[{"href":"https:\/\/blogdoedvaldomagalhaes.com.br\/index.php\/wp-json\/wp\/v2\/posts"}],"about":[{"href":"https:\/\/blogdoedvaldomagalhaes.com.br\/index.php\/wp-json\/wp\/v2\/types\/post"}],"author":[{"embeddable":true,"href":"https:\/\/blogdoedvaldomagalhaes.com.br\/index.php\/wp-json\/wp\/v2\/users\/1"}],"replies":[{"embeddable":true,"href":"https:\/\/blogdoedvaldomagalhaes.com.br\/index.php\/wp-json\/wp\/v2\/comments?post=98521"}],"version-history":[{"count":1,"href":"https:\/\/blogdoedvaldomagalhaes.com.br\/index.php\/wp-json\/wp\/v2\/posts\/98521\/revisions"}],"predecessor-version":[{"id":98524,"href":"https:\/\/blogdoedvaldomagalhaes.com.br\/index.php\/wp-json\/wp\/v2\/posts\/98521\/revisions\/98524"}],"wp:featuredmedia":[{"embeddable":true,"href":"https:\/\/blogdoedvaldomagalhaes.com.br\/index.php\/wp-json\/wp\/v2\/media\/98522"}],"wp:attachment":[{"href":"https:\/\/blogdoedvaldomagalhaes.com.br\/index.php\/wp-json\/wp\/v2\/media?parent=98521"}],"wp:term":[{"taxonomy":"category","embeddable":true,"href":"https:\/\/blogdoedvaldomagalhaes.com.br\/index.php\/wp-json\/wp\/v2\/categories?post=98521"},{"taxonomy":"post_tag","embeddable":true,"href":"https:\/\/blogdoedvaldomagalhaes.com.br\/index.php\/wp-json\/wp\/v2\/tags?post=98521"}],"curies":[{"name":"wp","href":"https:\/\/api.w.org\/{rel}","templated":true}]}}