{"id":98518,"date":"2023-07-12T11:09:27","date_gmt":"2023-07-12T14:09:27","guid":{"rendered":"https:\/\/blogdoedvaldomagalhaes.com.br\/?p=98518"},"modified":"2023-07-12T11:09:27","modified_gmt":"2023-07-12T14:09:27","slug":"central-de-abastecimento-de-caruaru-divulga-cotacao-de-precos-semanal-com-20-itens-com-reducao-no-preco","status":"publish","type":"post","link":"https:\/\/blogdoedvaldomagalhaes.com.br\/index.php\/2023\/07\/12\/central-de-abastecimento-de-caruaru-divulga-cotacao-de-precos-semanal-com-20-itens-com-reducao-no-preco\/","title":{"rendered":"Central de Abastecimento de Caruaru divulga cota\u00e7\u00e3o de pre\u00e7os semanal com 20 itens com redu\u00e7\u00e3o no pre\u00e7o"},"content":{"rendered":"<p style=\"text-align: justify;\"><span style=\"font-size: revert;\">A Central de Abastecimento de Caruaru (Ceaca) divulgou a cota\u00e7\u00e3o de pre\u00e7os semanal e fez a an\u00e1lise de um total de 70 itens, dos quais 17 apresentaram aumento de pre\u00e7o, 20 registraram redu\u00e7\u00f5es e 33 permaneceram com os mesmos valores.<\/span><\/p>\n<p style=\"text-align: justify;\">Dentre os produtos que sofreram aumento em seus pre\u00e7os, destaca-se a pimenta, que teve um aumento significativo de 200%. Esse aumento repentino \u00e9 atribu\u00eddo a diversos fatores, como a sazonalidade e condi\u00e7\u00f5es clim\u00e1ticas desfavor\u00e1veis para o cultivo. Outros itens que tamb\u00e9m sofreram reajustes foram o jil\u00f3 comprido, com um aumento de 67%, e o lim\u00e3o Taiti, que teve um aumento de 50%.<\/p>\n<p style=\"text-align: justify;\">Por outro lado, os produtos que apresentaram redu\u00e7\u00f5es em seus valores foram a acelga, que registrou uma queda de 40% em seu pre\u00e7o, seguida pelo abacate, que teve uma redu\u00e7\u00e3o de 36%. A melancia tamb\u00e9m apresentou uma diminui\u00e7\u00e3o de pre\u00e7o, com uma varia\u00e7\u00e3o de -29%.<\/p>\n<p style=\"text-align: justify;\">A Central de Abastecimento de Caruaru continuar\u00e1 monitorando a cota\u00e7\u00e3o de pre\u00e7os semanalmente, a fim de fornecer informa\u00e7\u00f5es atualizadas aos consumidores e colaborar para uma compra mais consciente e planejada. Foto: \u00a0Jorge Farias.<\/p>\n<p style=\"text-align: justify;\">Siga o Instagram do Blog @blogdoedvaldomagalhaes<\/p>\n<p style=\"text-align: justify;\">Se inscreva no canal do Blog no You Tube<\/p>\n","protected":false},"excerpt":{"rendered":"<p>A Central de Abastecimento de Caruaru (Ceaca) divulgou a cota\u00e7\u00e3o de pre\u00e7os semanal e fez a an\u00e1lise de um total&hellip;<\/p>\n","protected":false},"author":1,"featured_media":98519,"comment_status":"closed","ping_status":"open","sticky":false,"template":"","format":"standard","meta":{"footnotes":""},"categories":[14120],"tags":[2,19532,3406,28032],"class_list":["post-98518","post","type-post","status-publish","format-standard","has-post-thumbnail","hentry","category-noticias","tag-blog-do-edvaldo-magalhaes","tag-blog-mais-acessado-e-visualizado-de-caruaru-e-regiao","tag-caruaru","tag-central-de-abastecimento-de-caruaru-divulga-cotacao-de-precos-semanal-com-20-itens-com-reducao-no-preco"],"_links":{"self":[{"href":"https:\/\/blogdoedvaldomagalhaes.com.br\/index.php\/wp-json\/wp\/v2\/posts\/98518","targetHints":{"allow":["GET"]}}],"collection":[{"href":"https:\/\/blogdoedvaldomagalhaes.com.br\/index.php\/wp-json\/wp\/v2\/posts"}],"about":[{"href":"https:\/\/blogdoedvaldomagalhaes.com.br\/index.php\/wp-json\/wp\/v2\/types\/post"}],"author":[{"embeddable":true,"href":"https:\/\/blogdoedvaldomagalhaes.com.br\/index.php\/wp-json\/wp\/v2\/users\/1"}],"replies":[{"embeddable":true,"href":"https:\/\/blogdoedvaldomagalhaes.com.br\/index.php\/wp-json\/wp\/v2\/comments?post=98518"}],"version-history":[{"count":1,"href":"https:\/\/blogdoedvaldomagalhaes.com.br\/index.php\/wp-json\/wp\/v2\/posts\/98518\/revisions"}],"predecessor-version":[{"id":98520,"href":"https:\/\/blogdoedvaldomagalhaes.com.br\/index.php\/wp-json\/wp\/v2\/posts\/98518\/revisions\/98520"}],"wp:featuredmedia":[{"embeddable":true,"href":"https:\/\/blogdoedvaldomagalhaes.com.br\/index.php\/wp-json\/wp\/v2\/media\/98519"}],"wp:attachment":[{"href":"https:\/\/blogdoedvaldomagalhaes.com.br\/index.php\/wp-json\/wp\/v2\/media?parent=98518"}],"wp:term":[{"taxonomy":"category","embeddable":true,"href":"https:\/\/blogdoedvaldomagalhaes.com.br\/index.php\/wp-json\/wp\/v2\/categories?post=98518"},{"taxonomy":"post_tag","embeddable":true,"href":"https:\/\/blogdoedvaldomagalhaes.com.br\/index.php\/wp-json\/wp\/v2\/tags?post=98518"}],"curies":[{"name":"wp","href":"https:\/\/api.w.org\/{rel}","templated":true}]}}