{"id":98514,"date":"2023-07-12T10:50:27","date_gmt":"2023-07-12T13:50:27","guid":{"rendered":"https:\/\/blogdoedvaldomagalhaes.com.br\/?p=98514"},"modified":"2023-07-12T10:50:28","modified_gmt":"2023-07-12T13:50:28","slug":"prf-intercepta-veiculo-suspeito-de-participar-de-roubo-horas-antes-da-abordagem","status":"publish","type":"post","link":"https:\/\/blogdoedvaldomagalhaes.com.br\/index.php\/2023\/07\/12\/prf-intercepta-veiculo-suspeito-de-participar-de-roubo-horas-antes-da-abordagem\/","title":{"rendered":"PRF intercepta ve\u00edculo suspeito de participar de roubo horas antes da abordagem"},"content":{"rendered":"<p style=\"text-align: justify;\"><span style=\"font-size: revert; color: initial;\">A Pol\u00edcia Rodovi\u00e1ria Federal (PRF), em parceria com a Pol\u00edcia Militar (PM), puseram fim a a\u00e7\u00e3o criminosa ao interceptar um Fiat\/Strada suspeito de participar de um roubo de carro na cidade de Canhotinho. O ve\u00edculo suspeito foi identificado pela equipe PRF transitando, por volta das 22h desta ter\u00e7a (11), na BR-423 em Garanhuns.<\/span><\/p>\n<p style=\"text-align: justify;\">Ao receber ordem de parada, o motorista fugiu em alta velocidade por ruas do bairro Jos\u00e9 Maria Dourado e foi acompanhado pela viatura policial. Mais a frente, os PRF viram o momento em que a caminhonete para bruscamente e o condutor foge para o matagal. Buscas foram realizadas na regi\u00e3o, mas o suspeito n\u00e3o foi localizado.<\/p>\n<p style=\"text-align: justify;\">O Fiat\/Strada j\u00e1 estava no foco das pol\u00edcias da regi\u00e3o, pois havia a informa\u00e7\u00e3o de que este ve\u00edculo teria sido usado no roubo de um autom\u00f3vel Creta na cidade de Canhotinho. De acordo com as informa\u00e7\u00f5es repassadas, o roubo teria ocorrido por volta das 14h, quando tr\u00eas homens armados abordaram o Creta e ainda levaram os ocupantes, que foram deixados na zona rural de Lajedo. No ve\u00edculo foram encontradas luvas e capuzes, refor\u00e7ando a possibilidade de seu uso na pr\u00e1tica de crimes.<\/p>\n<p style=\"text-align: justify;\">Al\u00e9m disso, os PRFs descobriram ainda que a caminhonete tamb\u00e9m era roubada. De acordo com o boletim de ocorr\u00eancia, o roubo teria acontecido na cidade de Pesqueira, e mais deste ano. A ocorr\u00eancia foi encaminhada para a 18\u00aa Delegacia Seccional de Pol\u00edcia Civil em Garanhuns, que foi informa ainda da recupera\u00e7\u00e3o do Creta pela PM no final do dia. Foto: Divulga\u00e7\u00e3o\/PRF.<\/p>\n<p style=\"text-align: justify;\">Se inscreva no canal do Blog no You Tube<\/p>\n<p style=\"text-align: justify;\">Siga o Instagram do Blog @blogdoedvaldomagalhaes<\/p>\n","protected":false},"excerpt":{"rendered":"<p>A Pol\u00edcia Rodovi\u00e1ria Federal (PRF), em parceria com a Pol\u00edcia Militar (PM), puseram fim a a\u00e7\u00e3o criminosa ao interceptar um&hellip;<\/p>\n","protected":false},"author":1,"featured_media":98515,"comment_status":"closed","ping_status":"open","sticky":false,"template":"","format":"standard","meta":{"footnotes":""},"categories":[14121],"tags":[2,19532,3406,28031],"class_list":["post-98514","post","type-post","status-publish","format-standard","has-post-thumbnail","hentry","category-policial","tag-blog-do-edvaldo-magalhaes","tag-blog-mais-acessado-e-visualizado-de-caruaru-e-regiao","tag-caruaru","tag-prf-intercepta-veiculo-suspeito-de-participar-de-roubo-horas-antes-da-abordagem"],"_links":{"self":[{"href":"https:\/\/blogdoedvaldomagalhaes.com.br\/index.php\/wp-json\/wp\/v2\/posts\/98514","targetHints":{"allow":["GET"]}}],"collection":[{"href":"https:\/\/blogdoedvaldomagalhaes.com.br\/index.php\/wp-json\/wp\/v2\/posts"}],"about":[{"href":"https:\/\/blogdoedvaldomagalhaes.com.br\/index.php\/wp-json\/wp\/v2\/types\/post"}],"author":[{"embeddable":true,"href":"https:\/\/blogdoedvaldomagalhaes.com.br\/index.php\/wp-json\/wp\/v2\/users\/1"}],"replies":[{"embeddable":true,"href":"https:\/\/blogdoedvaldomagalhaes.com.br\/index.php\/wp-json\/wp\/v2\/comments?post=98514"}],"version-history":[{"count":1,"href":"https:\/\/blogdoedvaldomagalhaes.com.br\/index.php\/wp-json\/wp\/v2\/posts\/98514\/revisions"}],"predecessor-version":[{"id":98516,"href":"https:\/\/blogdoedvaldomagalhaes.com.br\/index.php\/wp-json\/wp\/v2\/posts\/98514\/revisions\/98516"}],"wp:featuredmedia":[{"embeddable":true,"href":"https:\/\/blogdoedvaldomagalhaes.com.br\/index.php\/wp-json\/wp\/v2\/media\/98515"}],"wp:attachment":[{"href":"https:\/\/blogdoedvaldomagalhaes.com.br\/index.php\/wp-json\/wp\/v2\/media?parent=98514"}],"wp:term":[{"taxonomy":"category","embeddable":true,"href":"https:\/\/blogdoedvaldomagalhaes.com.br\/index.php\/wp-json\/wp\/v2\/categories?post=98514"},{"taxonomy":"post_tag","embeddable":true,"href":"https:\/\/blogdoedvaldomagalhaes.com.br\/index.php\/wp-json\/wp\/v2\/tags?post=98514"}],"curies":[{"name":"wp","href":"https:\/\/api.w.org\/{rel}","templated":true}]}}