{"id":98511,"date":"2023-07-12T09:58:47","date_gmt":"2023-07-12T12:58:47","guid":{"rendered":"https:\/\/blogdoedvaldomagalhaes.com.br\/?p=98511"},"modified":"2023-07-12T09:58:48","modified_gmt":"2023-07-12T12:58:48","slug":"pm-apreende-caminhao-com-carga-ilegal-de-madeira","status":"publish","type":"post","link":"https:\/\/blogdoedvaldomagalhaes.com.br\/index.php\/2023\/07\/12\/pm-apreende-caminhao-com-carga-ilegal-de-madeira\/","title":{"rendered":"PM apreende caminh\u00e3o com carga ilegal de madeira"},"content":{"rendered":"<p style=\"text-align: justify;\"><span style=\"color: initial; font-size: revert;\">Policiais militares da Cipoma apreenderam um caminh\u00e3o com carga ilegal de madeira, na noite de ter\u00e7a-feira (11\/07), em Caet\u00e9s, Abreu e Lima. O efetivo realizava a Opera\u00e7\u00e3o Top 03, quando visualizou o ve\u00edculo, um Ford Cargo, nas proximidades da Esta\u00e7\u00e3o Ecol\u00f3gica.<\/span><\/p>\n<p style=\"text-align: justify;\">Foi feita a abordagem e o motorista n\u00e3o possu\u00eda documenta\u00e7\u00e3o para transportar a carga, com aproximadamente 40m\u00b3 de madeira nativa da Mata Atl\u00e2ntica, infringindo o artigo 46 da Lei 9.605\/98.<\/p>\n<p style=\"text-align: justify;\">O caminh\u00e3o e o condutor foram apresentados na Delegacia de Paulista, juntamente com um segundo homem que se apresentou como dono da madeira, para ado\u00e7\u00e3o das medidas cab\u00edveis. Foto: Divulga\u00e7\u00e3o\/PMPE.<\/p>\n<p style=\"text-align: justify;\">Se inscreva no canal do Blog no You Tube<\/p>\n<p style=\"text-align: justify;\">Siga o Instagram do Blog @blogdoedvaldomagalhaes<\/p>\n","protected":false},"excerpt":{"rendered":"<p>Policiais militares da Cipoma apreenderam um caminh\u00e3o com carga ilegal de madeira, na noite de ter\u00e7a-feira (11\/07), em Caet\u00e9s, Abreu&hellip;<\/p>\n","protected":false},"author":1,"featured_media":98512,"comment_status":"closed","ping_status":"open","sticky":false,"template":"","format":"standard","meta":{"footnotes":""},"categories":[14121],"tags":[2,19532,3406,28030],"class_list":["post-98511","post","type-post","status-publish","format-standard","has-post-thumbnail","hentry","category-policial","tag-blog-do-edvaldo-magalhaes","tag-blog-mais-acessado-e-visualizado-de-caruaru-e-regiao","tag-caruaru","tag-pm-apreende-caminhao-com-carga-ilegal-de-madeira"],"_links":{"self":[{"href":"https:\/\/blogdoedvaldomagalhaes.com.br\/index.php\/wp-json\/wp\/v2\/posts\/98511","targetHints":{"allow":["GET"]}}],"collection":[{"href":"https:\/\/blogdoedvaldomagalhaes.com.br\/index.php\/wp-json\/wp\/v2\/posts"}],"about":[{"href":"https:\/\/blogdoedvaldomagalhaes.com.br\/index.php\/wp-json\/wp\/v2\/types\/post"}],"author":[{"embeddable":true,"href":"https:\/\/blogdoedvaldomagalhaes.com.br\/index.php\/wp-json\/wp\/v2\/users\/1"}],"replies":[{"embeddable":true,"href":"https:\/\/blogdoedvaldomagalhaes.com.br\/index.php\/wp-json\/wp\/v2\/comments?post=98511"}],"version-history":[{"count":1,"href":"https:\/\/blogdoedvaldomagalhaes.com.br\/index.php\/wp-json\/wp\/v2\/posts\/98511\/revisions"}],"predecessor-version":[{"id":98513,"href":"https:\/\/blogdoedvaldomagalhaes.com.br\/index.php\/wp-json\/wp\/v2\/posts\/98511\/revisions\/98513"}],"wp:featuredmedia":[{"embeddable":true,"href":"https:\/\/blogdoedvaldomagalhaes.com.br\/index.php\/wp-json\/wp\/v2\/media\/98512"}],"wp:attachment":[{"href":"https:\/\/blogdoedvaldomagalhaes.com.br\/index.php\/wp-json\/wp\/v2\/media?parent=98511"}],"wp:term":[{"taxonomy":"category","embeddable":true,"href":"https:\/\/blogdoedvaldomagalhaes.com.br\/index.php\/wp-json\/wp\/v2\/categories?post=98511"},{"taxonomy":"post_tag","embeddable":true,"href":"https:\/\/blogdoedvaldomagalhaes.com.br\/index.php\/wp-json\/wp\/v2\/tags?post=98511"}],"curies":[{"name":"wp","href":"https:\/\/api.w.org\/{rel}","templated":true}]}}