{"id":98508,"date":"2023-07-12T08:53:12","date_gmt":"2023-07-12T11:53:12","guid":{"rendered":"https:\/\/blogdoedvaldomagalhaes.com.br\/?p=98508"},"modified":"2023-07-12T08:53:12","modified_gmt":"2023-07-12T11:53:12","slug":"pm-apreende-armas-de-fogo-e-recupera-veiculo-roubado","status":"publish","type":"post","link":"https:\/\/blogdoedvaldomagalhaes.com.br\/index.php\/2023\/07\/12\/pm-apreende-armas-de-fogo-e-recupera-veiculo-roubado\/","title":{"rendered":"PM apreende armas de fogo e recupera ve\u00edculo roubado"},"content":{"rendered":"<p style=\"text-align: justify;\"><span style=\"color: initial; font-size: revert;\">Policiais militares do Batalh\u00e3o de Radiopatrulha, com apoio de uma equipe do 12\u00ba BPM, prenderam quatro homens, na noite de ter\u00e7a-feira (11\/07), apreenderam armas de fogo e recuperaram um Kwid, de cor bege, roubado. Efetivo do BPRp foi informado que o ve\u00edculo estava trafegando na \u00e1rea de Jardim S\u00e3o Paulo, fez dilig\u00eancias e fez a localiza\u00e7\u00e3o.<\/span><\/p>\n<p style=\"text-align: justify;\">Foi dada voz de parada, mas os quatro ocupantes desobedeceram, abrindo em fuga. Foi feito o acompanhamento e, j\u00e1 em Areias, os suspeitos desceram do carro e atiraram contra os policiais. Foi dado o revide e dois deles foram atingidos. Um dois feridos e outros dois foram capturados. O quarto envolvido, que conseguiu fugir a p\u00e9 mesmo baleado, foi capturado em seguida por militares do 12\u00ba BPM, que foram ao local dar apoio.<\/p>\n<p style=\"text-align: justify;\">Os feridos foram encaminhados para o Hospital da Restaura\u00e7\u00e3o, onde ficaram custodiados, e os demais apresentados na DHPP, juntamente com o ve\u00edculo e um rev\u00f3lver calibre .38 e uma espingarda 12, apreendidos com o grupo. Eles revelaram que estavam seguindo para o Engenho do Meio, onde cometeriam o homic\u00eddio de um desafeto. Foto: Divulga\u00e7\u00e3o.<\/p>\n<p style=\"text-align: justify;\">Se inscreva no canal do YouTube<\/p>\n<p style=\"text-align: justify;\">Siga o Instagram do Blog @blogdoedvaldomagalhaes<\/p>\n","protected":false},"excerpt":{"rendered":"<p>Policiais militares do Batalh\u00e3o de Radiopatrulha, com apoio de uma equipe do 12\u00ba BPM, prenderam quatro homens, na noite de&hellip;<\/p>\n","protected":false},"author":1,"featured_media":98509,"comment_status":"closed","ping_status":"open","sticky":false,"template":"","format":"standard","meta":{"footnotes":""},"categories":[14121],"tags":[2,19532,3406,28029],"class_list":["post-98508","post","type-post","status-publish","format-standard","has-post-thumbnail","hentry","category-policial","tag-blog-do-edvaldo-magalhaes","tag-blog-mais-acessado-e-visualizado-de-caruaru-e-regiao","tag-caruaru","tag-pm-apreende-armas-de-fogo-e-recupera-veiculo-roubado"],"_links":{"self":[{"href":"https:\/\/blogdoedvaldomagalhaes.com.br\/index.php\/wp-json\/wp\/v2\/posts\/98508","targetHints":{"allow":["GET"]}}],"collection":[{"href":"https:\/\/blogdoedvaldomagalhaes.com.br\/index.php\/wp-json\/wp\/v2\/posts"}],"about":[{"href":"https:\/\/blogdoedvaldomagalhaes.com.br\/index.php\/wp-json\/wp\/v2\/types\/post"}],"author":[{"embeddable":true,"href":"https:\/\/blogdoedvaldomagalhaes.com.br\/index.php\/wp-json\/wp\/v2\/users\/1"}],"replies":[{"embeddable":true,"href":"https:\/\/blogdoedvaldomagalhaes.com.br\/index.php\/wp-json\/wp\/v2\/comments?post=98508"}],"version-history":[{"count":1,"href":"https:\/\/blogdoedvaldomagalhaes.com.br\/index.php\/wp-json\/wp\/v2\/posts\/98508\/revisions"}],"predecessor-version":[{"id":98510,"href":"https:\/\/blogdoedvaldomagalhaes.com.br\/index.php\/wp-json\/wp\/v2\/posts\/98508\/revisions\/98510"}],"wp:featuredmedia":[{"embeddable":true,"href":"https:\/\/blogdoedvaldomagalhaes.com.br\/index.php\/wp-json\/wp\/v2\/media\/98509"}],"wp:attachment":[{"href":"https:\/\/blogdoedvaldomagalhaes.com.br\/index.php\/wp-json\/wp\/v2\/media?parent=98508"}],"wp:term":[{"taxonomy":"category","embeddable":true,"href":"https:\/\/blogdoedvaldomagalhaes.com.br\/index.php\/wp-json\/wp\/v2\/categories?post=98508"},{"taxonomy":"post_tag","embeddable":true,"href":"https:\/\/blogdoedvaldomagalhaes.com.br\/index.php\/wp-json\/wp\/v2\/tags?post=98508"}],"curies":[{"name":"wp","href":"https:\/\/api.w.org\/{rel}","templated":true}]}}