{"id":98503,"date":"2023-07-11T21:25:53","date_gmt":"2023-07-12T00:25:53","guid":{"rendered":"https:\/\/blogdoedvaldomagalhaes.com.br\/?p=98503"},"modified":"2023-07-11T21:28:19","modified_gmt":"2023-07-12T00:28:19","slug":"secretaria-de-educacao-e-esportes-de-pernambuco-abre-inscricao-para-mais-de-13-mil-vagas-em-cursos-tecnicos","status":"publish","type":"post","link":"https:\/\/blogdoedvaldomagalhaes.com.br\/index.php\/2023\/07\/11\/secretaria-de-educacao-e-esportes-de-pernambuco-abre-inscricao-para-mais-de-13-mil-vagas-em-cursos-tecnicos\/","title":{"rendered":"<strong>Secretaria de Educa\u00e7\u00e3o e Esportes de Pernambuco abre inscri\u00e7\u00e3o para mais de 13 mil vagas em cursos t\u00e9cnicos\u00a0<\/strong>"},"content":{"rendered":"\n<figure class=\"wp-block-gallery has-nested-images columns-default is-cropped wp-block-gallery-1 is-layout-flex wp-block-gallery-is-layout-flex\"><\/figure>\n\n\n<p dir=\"ltr\" style=\"text-align: justify;\"><span data-originalfontsize=\"12pt\" data-originalcomputedfontsize=\"16\">A Secretaria de Educa\u00e7\u00e3o e Esportes de Pernambuco (SEE) abriu, nesta segunda-feira (10), inscri\u00e7\u00f5es para os cursos t\u00e9cnicos subsequentes na modalidade presencial na modalidade a dist\u00e2ncia (EAD) semipresencial. Est\u00e3o sendo ofertadas mais de 13 mil vagas em todas as regi\u00f5es do Estado para quem j\u00e1 concluiu o Ensino M\u00e9dio. Os interessados devem se inscrever, gratuitamente, at\u00e9 esta sexta-feira (14), pelo nosso site\u00a0<\/span><a href=\"https:\/\/sisacad.educacao.pe.gov.br\/sissel\/\" target=\"_blank\" rel=\"noopener\" data-saferedirecturl=\"https:\/\/www.google.com\/url?q=https:\/\/sisacad.educacao.pe.gov.br\/sissel\/&amp;source=gmail&amp;ust=1689207607254000&amp;usg=AOvVaw3QcZV7tVI6RYh9Z9RcoFtq\"><span data-originalfontsize=\"12pt\" data-originalcomputedfontsize=\"16\">https:\/\/portal.educacao.<wbr \/>pe.gov.br<\/span><\/a><span data-originalfontsize=\"12pt\" data-originalcomputedfontsize=\"16\">.\u00a0<\/span><\/p>\n<p dir=\"ltr\" style=\"text-align: justify;\"><span data-originalfontsize=\"12pt\" data-originalcomputedfontsize=\"16\">As vagas est\u00e3o distribu\u00eddas em 40 cursos t\u00e9cnicos, sendo 37 para a modalidade subsequente presencial, e 11 para a EAD. Algumas op\u00e7\u00f5es s\u00e3o: Desenvolvimento de Sistemas, Administra\u00e7\u00e3o, Log\u00edstica, Seguran\u00e7a do Trabalho, Enfermagem, Recursos Humanos e Tradu\u00e7\u00e3o e Interpreta\u00e7\u00e3o de Libras.<\/span><\/p>\n<p dir=\"ltr\" style=\"text-align: justify;\"><span data-originalfontsize=\"12pt\" data-originalcomputedfontsize=\"16\">O processo seletivo ser\u00e1 realizado em etapa \u00fanica, constitu\u00edda de prova objetiva de car\u00e1ter eliminat\u00f3rio e classificat\u00f3rio. A prova objetiva ser\u00e1 realizada no formato remoto, contendo 20 quest\u00f5es de m\u00faltipla escolha, abrangendo os conte\u00fados das disciplinas de l\u00edngua portuguesa e matem\u00e1tica. Os candidatos que optarem pelo curso t\u00e9cnico em Tradu\u00e7\u00e3o e Interpreta\u00e7\u00e3o de Libras ser\u00e3o submetidos a uma avalia\u00e7\u00e3o de profici\u00eancia em Libras, que ser\u00e1 realizada atrav\u00e9s de um v\u00eddeo enviado pelo candidato no ato da inscri\u00e7\u00e3o.\u00a0<\/span><\/p>\n<p dir=\"ltr\" style=\"text-align: justify;\"><span data-originalfontsize=\"12pt\" data-originalcomputedfontsize=\"16\">Ap\u00f3s a divulga\u00e7\u00e3o do resultado final, os candidatos classificados no processo seletivo dever\u00e3o comparecer ao Polo de Apoio Presencial informado na rela\u00e7\u00e3o dos classificados para efetuar a matr\u00edcula. O prazo para a efetiva\u00e7\u00e3o come\u00e7a no dia 1\u00ba e se encerra no dia 04 de agosto. O estudante deve levar os seguintes documentos: Hist\u00f3rico Escolar ou Certificado de Conclus\u00e3o do Ensino M\u00e9dio (Ficha 19) ou equivalente (c\u00f3pia autenticada + c\u00f3pia) ou declara\u00e7\u00e3o de matr\u00edcula no 2\u00ba ou 3\u00ba ano do Ensino M\u00e9dio (original ou c\u00f3pia autenticada + c\u00f3pia); Carteira de Identidade (original ou c\u00f3pia autenticada + c\u00f3pia); Comprovante de endere\u00e7o com CEP (original ou c\u00f3pia autenticada + c\u00f3pia); CPF (original ou c\u00f3pia autenticada + c\u00f3pia); e uma foto 3X4.\u00a0<\/span><\/p>\n<p dir=\"ltr\" style=\"text-align: justify;\"><span data-originalfontsize=\"12pt\" data-originalcomputedfontsize=\"16\">A divulga\u00e7\u00e3o do resultado definitivo est\u00e1 prevista para o dia 31 de julho e o in\u00edcio das aulas no dia 07 de agosto.\u00a0<\/span><\/p>\n<p dir=\"ltr\" style=\"text-align: justify;\"><span data-originalfontsize=\"12pt\" data-originalcomputedfontsize=\"16\">Para outras informa\u00e7\u00f5es, ligue (81)\u00a0<\/span><span data-originalfontsize=\"12pt\" data-originalcomputedfontsize=\"16\">3183-9825\/3183-9862 ou envie e-mail para\u00a0<\/span><a href=\"mailto:selecaoep@educacao.pe.gov.br\" target=\"_blank\" rel=\"noopener\" data-removefontsize=\"true\" data-originalcomputedfontsize=\"16\">selecaoep@educacao.pe.<wbr \/>gov.br<\/a><span data-originalfontsize=\"12pt\" data-originalcomputedfontsize=\"16\">.<\/span><\/p>\n<p dir=\"ltr\" style=\"text-align: justify;\"><span data-originalfontsize=\"12pt\" data-originalcomputedfontsize=\"16\">Confira\u00a0<\/span><a href=\"https:\/\/drive.google.com\/file\/d\/1Fp4VP-2TxVhSzOg3WCk2f9_qFNh5jOLD\/view?usp=sharing\" target=\"_blank\" rel=\"noopener\" data-saferedirecturl=\"https:\/\/www.google.com\/url?q=https:\/\/drive.google.com\/file\/d\/1Fp4VP-2TxVhSzOg3WCk2f9_qFNh5jOLD\/view?usp%3Dsharing&amp;source=gmail&amp;ust=1689207607254000&amp;usg=AOvVaw3tj4vpmlYaIRXEmpPPZVGe\"><span data-originalfontsize=\"12pt\" data-originalcomputedfontsize=\"16\">aqui<\/span><\/a><span data-originalfontsize=\"12pt\" data-originalcomputedfontsize=\"16\">\u00a0o edital da modalidade de Educa\u00e7\u00e3o a Dist\u00e2ncia na oferta Semipresencial<\/span><\/p>\n<p dir=\"ltr\" style=\"text-align: justify;\"><span data-originalfontsize=\"12pt\" data-originalcomputedfontsize=\"16\">Confira\u00a0<\/span><a href=\"https:\/\/drive.google.com\/file\/d\/1ShTnoxWWkGe4ZudrmM55DAHrKp1e_upG\/view?usp=sharing\" target=\"_blank\" rel=\"noopener\" data-saferedirecturl=\"https:\/\/www.google.com\/url?q=https:\/\/drive.google.com\/file\/d\/1ShTnoxWWkGe4ZudrmM55DAHrKp1e_upG\/view?usp%3Dsharing&amp;source=gmail&amp;ust=1689207607254000&amp;usg=AOvVaw3mp7h_O3Fa0FdI36ZJ2mA8\"><span data-originalfontsize=\"12pt\" data-originalcomputedfontsize=\"16\">aqui<\/span><\/a><span data-originalfontsize=\"12pt\" data-originalcomputedfontsize=\"16\">\u00a0o edital da modalidade Subsequente\u00a0<\/span><\/p>\n<p dir=\"ltr\" style=\"text-align: justify;\"><span data-originalfontsize=\"12pt\" data-originalcomputedfontsize=\"16\">Cronograma<\/span><\/p>\n<p dir=\"ltr\" style=\"text-align: justify;\"><span data-originalfontsize=\"12pt\" data-originalcomputedfontsize=\"16\">Per\u00edodo de inscri\u00e7\u00e3o dos candidatos:<\/span><span data-originalfontsize=\"12pt\" data-originalcomputedfontsize=\"16\">\u00a010 a 14\/07\/2023<\/span><\/p>\n<p dir=\"ltr\" style=\"text-align: justify;\"><span data-originalfontsize=\"12pt\" data-originalcomputedfontsize=\"16\">Realiza\u00e7\u00e3o das provas objetivas:<\/span><span data-originalfontsize=\"12pt\" data-originalcomputedfontsize=\"16\">\u00a017 a 21\/07\/2023<\/span><\/p>\n<p dir=\"ltr\" style=\"text-align: justify;\"><span data-originalfontsize=\"12pt\" data-originalcomputedfontsize=\"16\">Divulga\u00e7\u00e3o da prova para revis\u00e3o:<\/span><span data-originalfontsize=\"12pt\" data-originalcomputedfontsize=\"16\">\u00a025\/07\/2023<\/span><\/p>\n<p dir=\"ltr\" style=\"text-align: justify;\"><span data-originalfontsize=\"12pt\" data-originalcomputedfontsize=\"16\">Recebimento e an\u00e1lise dos Recursos:<\/span><span data-originalfontsize=\"12pt\" data-originalcomputedfontsize=\"16\">\u00a025 e 26\/07\/2023<\/span><\/p>\n<p dir=\"ltr\" style=\"text-align: justify;\"><span data-originalfontsize=\"12pt\" data-originalcomputedfontsize=\"16\">Divulga\u00e7\u00e3o do Resultado Definitivo (ap\u00f3s os recursos):<\/span><span data-originalfontsize=\"12pt\" data-originalcomputedfontsize=\"16\">\u00a031\/07\/2023<\/span><\/p>\n<p dir=\"ltr\" style=\"text-align: justify;\"><span data-originalfontsize=\"12pt\" data-originalcomputedfontsize=\"16\">Per\u00edodo de matr\u00edcula:<\/span><span data-originalfontsize=\"12pt\" data-originalcomputedfontsize=\"16\">\u00a001 e 04\/08\/2023<\/span><\/p>\n<p dir=\"ltr\" style=\"text-align: justify;\"><span data-originalfontsize=\"12pt\" data-originalcomputedfontsize=\"16\">Divulga\u00e7\u00e3o do 1\u00ba remanejamento:<\/span><span data-originalfontsize=\"12pt\" data-originalcomputedfontsize=\"16\">\u00a008\/08\/2023<\/span><\/p>\n<p dir=\"ltr\" style=\"text-align: justify;\"><span data-originalfontsize=\"12pt\" data-originalcomputedfontsize=\"16\">Per\u00edodo de matr\u00edcula \u2013 1\u00ba remanejamento:<\/span><span data-originalfontsize=\"12pt\" data-originalcomputedfontsize=\"16\">\u00a008 e 09\/08\/2023<\/span><\/p>\n<p dir=\"ltr\" style=\"text-align: justify;\"><span data-originalfontsize=\"12pt\" data-originalcomputedfontsize=\"16\">Divulga\u00e7\u00e3o do 2\u00ba remanejamento:<\/span><span data-originalfontsize=\"12pt\" data-originalcomputedfontsize=\"16\">\u00a011\/08\/2023<\/span><\/p>\n<p dir=\"ltr\" style=\"text-align: justify;\"><span data-originalfontsize=\"12pt\" data-originalcomputedfontsize=\"16\">Per\u00edodo de matr\u00edcula \u2013 2\u00ba remanejamento:\u00a0<\/span><span data-originalfontsize=\"12pt\" data-originalcomputedfontsize=\"16\">11 e 14\/08\/2023<\/span><\/p>\n<p dir=\"ltr\" style=\"text-align: justify;\"><span data-originalfontsize=\"12pt\" data-originalcomputedfontsize=\"16\">In\u00edcio das aulas:<\/span><span data-originalfontsize=\"12pt\" data-originalcomputedfontsize=\"16\">\u00a007\/08\/2023<\/span><\/p>\n<p dir=\"ltr\" style=\"text-align: justify;\"><span data-originalfontsize=\"12pt\" data-originalcomputedfontsize=\"16\">Secretaria de Educa\u00e7\u00e3o e Esportes do Estado de Pernambuco &#8211; SEE-PE<\/span><\/p>\n<p dir=\"ltr\" style=\"text-align: justify;\"><b data-removefontsize=\"true\" data-originalcomputedfontsize=\"16\">E-mail:<\/b>\u00a0<b><span><a href=\"mailto:comunicacao@adm.educacao.pe.gov.br\" target=\"_blank\" rel=\"noopener\" data-removefontsize=\"true\" data-originalcomputedfontsize=\"14\">comunicacao@adm.<wbr \/>educacao.pe.gov.br<\/a>\u00a0<\/span><\/b><\/p>\n<p dir=\"ltr\" style=\"text-align: justify;\"><span data-originalfontsize=\"12pt\" data-originalcomputedfontsize=\"16\"><b data-removefontsize=\"true\" data-originalcomputedfontsize=\"16\">Telefone:<\/b>\u00a0(81) 3183- 9293 \/ 9300\u00a0<\/span><\/p>\n<p dir=\"ltr\" style=\"text-align: justify;\"><span data-originalfontsize=\"12pt\" data-originalcomputedfontsize=\"16\"><b data-removefontsize=\"true\" data-originalcomputedfontsize=\"16\">Instagram:<\/b>\u00a0@educacaopeoficial\u00a0<\/span><\/p>","protected":false},"excerpt":{"rendered":"<p>A Secretaria de Educa\u00e7\u00e3o e Esportes de Pernambuco (SEE) abriu, nesta segunda-feira (10), inscri\u00e7\u00f5es para os cursos t\u00e9cnicos subsequentes na&hellip;<\/p>\n","protected":false},"author":1,"featured_media":98504,"comment_status":"closed","ping_status":"open","sticky":false,"template":"","format":"standard","meta":{"footnotes":""},"categories":[14120],"tags":[2,19532,3406,28028],"class_list":["post-98503","post","type-post","status-publish","format-standard","has-post-thumbnail","hentry","category-noticias","tag-blog-do-edvaldo-magalhaes","tag-blog-mais-acessado-e-visualizado-de-caruaru-e-regiao","tag-caruaru","tag-secretaria-de-educacao-e-esportes-de-pernambuco-abre-inscricao-para-mais-de-13-mil-vagas-em-cursos-tecnicos"],"_links":{"self":[{"href":"https:\/\/blogdoedvaldomagalhaes.com.br\/index.php\/wp-json\/wp\/v2\/posts\/98503","targetHints":{"allow":["GET"]}}],"collection":[{"href":"https:\/\/blogdoedvaldomagalhaes.com.br\/index.php\/wp-json\/wp\/v2\/posts"}],"about":[{"href":"https:\/\/blogdoedvaldomagalhaes.com.br\/index.php\/wp-json\/wp\/v2\/types\/post"}],"author":[{"embeddable":true,"href":"https:\/\/blogdoedvaldomagalhaes.com.br\/index.php\/wp-json\/wp\/v2\/users\/1"}],"replies":[{"embeddable":true,"href":"https:\/\/blogdoedvaldomagalhaes.com.br\/index.php\/wp-json\/wp\/v2\/comments?post=98503"}],"version-history":[{"count":2,"href":"https:\/\/blogdoedvaldomagalhaes.com.br\/index.php\/wp-json\/wp\/v2\/posts\/98503\/revisions"}],"predecessor-version":[{"id":98507,"href":"https:\/\/blogdoedvaldomagalhaes.com.br\/index.php\/wp-json\/wp\/v2\/posts\/98503\/revisions\/98507"}],"wp:featuredmedia":[{"embeddable":true,"href":"https:\/\/blogdoedvaldomagalhaes.com.br\/index.php\/wp-json\/wp\/v2\/media\/98504"}],"wp:attachment":[{"href":"https:\/\/blogdoedvaldomagalhaes.com.br\/index.php\/wp-json\/wp\/v2\/media?parent=98503"}],"wp:term":[{"taxonomy":"category","embeddable":true,"href":"https:\/\/blogdoedvaldomagalhaes.com.br\/index.php\/wp-json\/wp\/v2\/categories?post=98503"},{"taxonomy":"post_tag","embeddable":true,"href":"https:\/\/blogdoedvaldomagalhaes.com.br\/index.php\/wp-json\/wp\/v2\/tags?post=98503"}],"curies":[{"name":"wp","href":"https:\/\/api.w.org\/{rel}","templated":true}]}}