{"id":98500,"date":"2023-07-11T20:38:56","date_gmt":"2023-07-11T23:38:56","guid":{"rendered":"https:\/\/blogdoedvaldomagalhaes.com.br\/?p=98500"},"modified":"2023-07-11T21:24:31","modified_gmt":"2023-07-12T00:24:31","slug":"receita-federal-apreende-135-toneladas-de-mercadorias-importadas-de-forma-irregular","status":"publish","type":"post","link":"https:\/\/blogdoedvaldomagalhaes.com.br\/index.php\/2023\/07\/11\/receita-federal-apreende-135-toneladas-de-mercadorias-importadas-de-forma-irregular\/","title":{"rendered":"Receita Federal apreende 13,5 toneladas de mercadorias importadas de forma irregular"},"content":{"rendered":"<p style=\"text-align: justify;\"><span style=\"font-size: revert; color: initial;\">Na segunda-feira (10), a equipe de Vigil\u00e2ncia e Repress\u00e3o ao Contrabando e Descaminho da Receita Federal, apreendeu 647 volumes de mercadorias importadas. A opera\u00e7\u00e3o foi realizada em uma transportadora na Regi\u00e3o Metropolitana do Recife, que identificou que as mercadorias foram importadas para o pa\u00eds sem a comprova\u00e7\u00e3o da regular importa\u00e7\u00e3o (nota fiscal n\u00e3o id\u00f4nea).<\/span><\/p>\n<p style=\"text-align: justify;\">Totalizados em 13,5 toneladas, os volumes continham itens de utilidades dom\u00e9sticas. A equipe da Receita Federal estima que o valor das mercadorias retidas seja de R$ 1,2 milh\u00f5es de reais.<\/p>\n<p style=\"text-align: justify;\">Visando proteger a ind\u00fastria nacional da concorr\u00eancia desleal, a Receita Federal atua para impedir a entrada ilegal desses produtos no Brasil sem a comprova\u00e7\u00e3o fiscal devida, al\u00e9m do combate a sonega\u00e7\u00e3o fiscal. Importante destacar que medidas como essas, tamb\u00e9m protege a sa\u00fade e integridade dos cidad\u00e3os brasileiros, uma vez que os objetos n\u00e3o apresentam garantia de qualidade e seguran\u00e7a. Foto: Divulga\u00e7\u00e3o.<\/p>\n<p style=\"text-align: justify;\">Se inscreva no canal do Blog no You Tube<\/p>\n<p style=\"text-align: justify;\">Siga o Instagram do Blog @blogdoedvaldomagalhaes<\/p>\n","protected":false},"excerpt":{"rendered":"<p>Na segunda-feira (10), a equipe de Vigil\u00e2ncia e Repress\u00e3o ao Contrabando e Descaminho da Receita Federal, apreendeu 647 volumes de&hellip;<\/p>\n","protected":false},"author":1,"featured_media":98501,"comment_status":"closed","ping_status":"open","sticky":false,"template":"","format":"standard","meta":{"footnotes":""},"categories":[14121],"tags":[2,19532,3406,28027],"class_list":["post-98500","post","type-post","status-publish","format-standard","has-post-thumbnail","hentry","category-policial","tag-blog-do-edvaldo-magalhaes","tag-blog-mais-acessado-e-visualizado-de-caruaru-e-regiao","tag-caruaru","tag-receita-federal-apreende-13-toneladas-de-mercadorias-importadas-de-forma-irregular"],"_links":{"self":[{"href":"https:\/\/blogdoedvaldomagalhaes.com.br\/index.php\/wp-json\/wp\/v2\/posts\/98500","targetHints":{"allow":["GET"]}}],"collection":[{"href":"https:\/\/blogdoedvaldomagalhaes.com.br\/index.php\/wp-json\/wp\/v2\/posts"}],"about":[{"href":"https:\/\/blogdoedvaldomagalhaes.com.br\/index.php\/wp-json\/wp\/v2\/types\/post"}],"author":[{"embeddable":true,"href":"https:\/\/blogdoedvaldomagalhaes.com.br\/index.php\/wp-json\/wp\/v2\/users\/1"}],"replies":[{"embeddable":true,"href":"https:\/\/blogdoedvaldomagalhaes.com.br\/index.php\/wp-json\/wp\/v2\/comments?post=98500"}],"version-history":[{"count":1,"href":"https:\/\/blogdoedvaldomagalhaes.com.br\/index.php\/wp-json\/wp\/v2\/posts\/98500\/revisions"}],"predecessor-version":[{"id":98502,"href":"https:\/\/blogdoedvaldomagalhaes.com.br\/index.php\/wp-json\/wp\/v2\/posts\/98500\/revisions\/98502"}],"wp:featuredmedia":[{"embeddable":true,"href":"https:\/\/blogdoedvaldomagalhaes.com.br\/index.php\/wp-json\/wp\/v2\/media\/98501"}],"wp:attachment":[{"href":"https:\/\/blogdoedvaldomagalhaes.com.br\/index.php\/wp-json\/wp\/v2\/media?parent=98500"}],"wp:term":[{"taxonomy":"category","embeddable":true,"href":"https:\/\/blogdoedvaldomagalhaes.com.br\/index.php\/wp-json\/wp\/v2\/categories?post=98500"},{"taxonomy":"post_tag","embeddable":true,"href":"https:\/\/blogdoedvaldomagalhaes.com.br\/index.php\/wp-json\/wp\/v2\/tags?post=98500"}],"curies":[{"name":"wp","href":"https:\/\/api.w.org\/{rel}","templated":true}]}}