{"id":98497,"date":"2023-07-11T20:24:49","date_gmt":"2023-07-11T23:24:49","guid":{"rendered":"https:\/\/blogdoedvaldomagalhaes.com.br\/?p=98497"},"modified":"2023-07-11T20:24:49","modified_gmt":"2023-07-11T23:24:49","slug":"anderson-correia-e-bruno-lambreta-se-reunem-com-marcia-conrado-na-amupe-em-prol-da-habilitacao-do-icia-no-sus","status":"publish","type":"post","link":"https:\/\/blogdoedvaldomagalhaes.com.br\/index.php\/2023\/07\/11\/anderson-correia-e-bruno-lambreta-se-reunem-com-marcia-conrado-na-amupe-em-prol-da-habilitacao-do-icia-no-sus\/","title":{"rendered":"Anderson Correia e Bruno Lambreta se re\u00fanem com M\u00e1rcia Conrado, na AMUPE, em prol da habilita\u00e7\u00e3o do ICIA no SUS"},"content":{"rendered":"<p style=\"text-align: justify;\"><span style=\"color: initial; font-size: revert;\">O vereador Anderson Correia (PP) e o presidente da C\u00e2mara de Caruaru, Bruno Lambreta, juntamente com representantes da diretoria do ICIA, se reuniram na noite desta ter\u00e7a-feira (11), na Associa\u00e7\u00e3o Municipalista de Pernambuco (AMUPE), com a presidente da institui\u00e7\u00e3o e prefeita de Serra Talhada, M\u00e1rcia Conrado. O encontro foi para debater meios de viabilizar a habilita\u00e7\u00e3o do Instituto do C\u00e2ncer Infantil do Agreste no Sistema \u00danico de Sa\u00fade (SUS), para criar novos leitos de UTI pedi\u00e1tricas, em prol das crian\u00e7as com c\u00e2ncer em Caruaru e regi\u00e3o.<\/span><\/p>\n<p style=\"text-align: justify;\">\u201cN\u00f3s estamos buscando aproximar todos os poderes e institui\u00e7\u00f5es poss\u00edveis para unirmos for\u00e7a em prol desta causa, que \u00e9 habilitar o ICIA no SUS. Ser\u00e1 de muita import\u00e2ncia para o interior de Pernambuco este feito, ainda mais pela estrutura que o ICIA j\u00e1 oferece que \u00e9 fundamental para salvar vidas. Nossa gratid\u00e3o a presidente M\u00e1rcia Conrado por nos receber e colocar a AMUPE do nosso lado para buscarmos essa conquista t\u00e3o importante para a sa\u00fade de milhares de crian\u00e7as e adolescentes pernambucanos\u201d, destacou Anderson.<\/p>\n<p style=\"text-align: justify;\">Na ocasi\u00e3o, Anderson e Bruno Lambreta frisaram a import\u00e2ncia da parceria com a AMUPE para a divulga\u00e7\u00e3o do ICIA para os<br \/>\nmunic\u00edpios de Pernambuco, al\u00e9m de convidar M\u00e1rcia Conrado para conhecer de perto toda estrutura que o ICIA disponibiliza para os atendimentos \u00e0s crian\u00e7as e adolescentes com c\u00e2ncer em todo o Estado. No final de junho Correia tamb\u00e9m visitou o Hospital do C\u00e2ncer de Pernambuco, ao lado dos deputados federais Eduardo e Lula da Fonte, juntamente com membros da diretoria do ICIA e do Presidente da Comiss\u00e3o de Sa\u00fade da Alepe, deputado Adalto Santos, onde se reuniram com a dire\u00e7\u00e3o do HCP. Foto: Divulga\u00e7\u00e3o.<\/p>\n<p style=\"text-align: justify;\">Se inscreva no canal do Blog no You Tube<\/p>\n<p style=\"text-align: justify;\">Siga o Instagram do Blog @blogdoedvaldomagalhaes<\/p>\n","protected":false},"excerpt":{"rendered":"<p>O vereador Anderson Correia (PP) e o presidente da C\u00e2mara de Caruaru, Bruno Lambreta, juntamente com representantes da diretoria do&hellip;<\/p>\n","protected":false},"author":1,"featured_media":98498,"comment_status":"closed","ping_status":"open","sticky":false,"template":"","format":"standard","meta":{"footnotes":""},"categories":[14122],"tags":[28026,2,19532,3406,20],"class_list":["post-98497","post","type-post","status-publish","format-standard","has-post-thumbnail","hentry","category-politica","tag-anderson-correia-e-bruno-lambreta-se-reunem-com-marcia-conrado-na-amupe-em-prol-da-habilitacao-do-icia-no-sus","tag-blog-do-edvaldo-magalhaes","tag-blog-mais-acessado-e-visualizado-de-caruaru-e-regiao","tag-caruaru","tag-politica"],"_links":{"self":[{"href":"https:\/\/blogdoedvaldomagalhaes.com.br\/index.php\/wp-json\/wp\/v2\/posts\/98497","targetHints":{"allow":["GET"]}}],"collection":[{"href":"https:\/\/blogdoedvaldomagalhaes.com.br\/index.php\/wp-json\/wp\/v2\/posts"}],"about":[{"href":"https:\/\/blogdoedvaldomagalhaes.com.br\/index.php\/wp-json\/wp\/v2\/types\/post"}],"author":[{"embeddable":true,"href":"https:\/\/blogdoedvaldomagalhaes.com.br\/index.php\/wp-json\/wp\/v2\/users\/1"}],"replies":[{"embeddable":true,"href":"https:\/\/blogdoedvaldomagalhaes.com.br\/index.php\/wp-json\/wp\/v2\/comments?post=98497"}],"version-history":[{"count":1,"href":"https:\/\/blogdoedvaldomagalhaes.com.br\/index.php\/wp-json\/wp\/v2\/posts\/98497\/revisions"}],"predecessor-version":[{"id":98499,"href":"https:\/\/blogdoedvaldomagalhaes.com.br\/index.php\/wp-json\/wp\/v2\/posts\/98497\/revisions\/98499"}],"wp:featuredmedia":[{"embeddable":true,"href":"https:\/\/blogdoedvaldomagalhaes.com.br\/index.php\/wp-json\/wp\/v2\/media\/98498"}],"wp:attachment":[{"href":"https:\/\/blogdoedvaldomagalhaes.com.br\/index.php\/wp-json\/wp\/v2\/media?parent=98497"}],"wp:term":[{"taxonomy":"category","embeddable":true,"href":"https:\/\/blogdoedvaldomagalhaes.com.br\/index.php\/wp-json\/wp\/v2\/categories?post=98497"},{"taxonomy":"post_tag","embeddable":true,"href":"https:\/\/blogdoedvaldomagalhaes.com.br\/index.php\/wp-json\/wp\/v2\/tags?post=98497"}],"curies":[{"name":"wp","href":"https:\/\/api.w.org\/{rel}","templated":true}]}}