{"id":98495,"date":"2023-07-11T20:14:57","date_gmt":"2023-07-11T23:14:57","guid":{"rendered":"https:\/\/blogdoedvaldomagalhaes.com.br\/?p=98495"},"modified":"2023-07-11T20:14:58","modified_gmt":"2023-07-11T23:14:58","slug":"cesta-basica-com-reducoes-em-18-produtos-segundo-pesquisa-do-procon-caruaru","status":"publish","type":"post","link":"https:\/\/blogdoedvaldomagalhaes.com.br\/index.php\/2023\/07\/11\/cesta-basica-com-reducoes-em-18-produtos-segundo-pesquisa-do-procon-caruaru\/","title":{"rendered":"Cesta b\u00e1sica com redu\u00e7\u00f5es em 18 produtos, segundo pesquisa do Procon Caruaru"},"content":{"rendered":"<p style=\"text-align: justify;\"><span style=\"color: initial; font-size: revert;\">A Ger\u00eancia de Prote\u00e7\u00e3o e Defesa do Consumidor (Procon Caruaru), realizou, entre os dias 26 e 29 de junho, nova pesquisa de varia\u00e7\u00e3o da cesta b\u00e1sica, realizada em 13 estabelecimentos de 11 bairros da cidade, dos quais, 19 foram de g\u00eaneros aliment\u00edcios, quatro de limpeza dom\u00e9stica e quatro de higiene pessoal. Dos itens pesquisados, em rela\u00e7\u00e3o \u00e0 pesquisa anterior (maio\/23), nove itens tiveram seus pre\u00e7os reajustados e 18 itens tiveram redu\u00e7\u00f5es.<\/span><\/p>\n<p style=\"text-align: justify;\">As maiores redu\u00e7\u00f5es, considerando os valores anteriores, se deram nos seguintes itens: feij\u00e3o, 18,9% (era R$8,58, passou para R$7,22, o quilo); charque de segunda, 12,35% (era R$34,30 passou para R$30,53, o quilo); e \u00f3leo de soja, 11,4% (era R$7,54 e passou para R$6,78, 900ml).<\/p>\n<p style=\"text-align: justify;\">J\u00e1 os maiores aumentos ocorreram nos seguintes produtos: batata inglesa, 23,5% (era R$4,84 passou para R$5,97, o quilo); alho, 21,5% (era R$22,06, passou para R$26,80, o quilo); e cebola, 20,4% (era R$4,51, passou para R$5,42, o quilo).<\/p>\n<p style=\"text-align: justify;\">Em compara\u00e7\u00e3o a pesquisa de maio, o Procon Caruaru identificou que o valor m\u00e9dio apresentou uma redu\u00e7\u00e3o de 1,2% no valor total da cesta b\u00e1sica.<\/p>\n<p style=\"text-align: justify;\">Com rela\u00e7\u00e3o ao g\u00e1s de cozinha, houve altera\u00e7\u00e3o de um m\u00eas para outro, com redu\u00e7\u00e3o de 3,39% . Em rela\u00e7\u00e3o a maio &#8211; era m\u00e9dia de R$87,01, passou para R$ 84,16. Diferen\u00e7a em R$2,85, em 10 estabelecimentos da cidade. Foto ilustrativa: Reprodu\u00e7\u00e3o.<\/p>\n<p style=\"text-align: justify;\">Se inscreva no canal do Blog no You Tube<\/p>\n<p style=\"text-align: justify;\">Siga o Instagram do Blog @blogdoedvaldomagalhaes<\/p>\n","protected":false},"excerpt":{"rendered":"<p>A Ger\u00eancia de Prote\u00e7\u00e3o e Defesa do Consumidor (Procon Caruaru), realizou, entre os dias 26 e 29 de junho, nova&hellip;<\/p>\n","protected":false},"author":1,"featured_media":22326,"comment_status":"closed","ping_status":"open","sticky":false,"template":"","format":"standard","meta":{"footnotes":""},"categories":[14120],"tags":[2,19532,3406,28025],"class_list":["post-98495","post","type-post","status-publish","format-standard","has-post-thumbnail","hentry","category-noticias","tag-blog-do-edvaldo-magalhaes","tag-blog-mais-acessado-e-visualizado-de-caruaru-e-regiao","tag-caruaru","tag-cesta-basica-com-reducoes-em-18-produtos-segundo-pesquisa-do-procon-caruaru"],"_links":{"self":[{"href":"https:\/\/blogdoedvaldomagalhaes.com.br\/index.php\/wp-json\/wp\/v2\/posts\/98495","targetHints":{"allow":["GET"]}}],"collection":[{"href":"https:\/\/blogdoedvaldomagalhaes.com.br\/index.php\/wp-json\/wp\/v2\/posts"}],"about":[{"href":"https:\/\/blogdoedvaldomagalhaes.com.br\/index.php\/wp-json\/wp\/v2\/types\/post"}],"author":[{"embeddable":true,"href":"https:\/\/blogdoedvaldomagalhaes.com.br\/index.php\/wp-json\/wp\/v2\/users\/1"}],"replies":[{"embeddable":true,"href":"https:\/\/blogdoedvaldomagalhaes.com.br\/index.php\/wp-json\/wp\/v2\/comments?post=98495"}],"version-history":[{"count":1,"href":"https:\/\/blogdoedvaldomagalhaes.com.br\/index.php\/wp-json\/wp\/v2\/posts\/98495\/revisions"}],"predecessor-version":[{"id":98496,"href":"https:\/\/blogdoedvaldomagalhaes.com.br\/index.php\/wp-json\/wp\/v2\/posts\/98495\/revisions\/98496"}],"wp:featuredmedia":[{"embeddable":true,"href":"https:\/\/blogdoedvaldomagalhaes.com.br\/index.php\/wp-json\/wp\/v2\/media\/22326"}],"wp:attachment":[{"href":"https:\/\/blogdoedvaldomagalhaes.com.br\/index.php\/wp-json\/wp\/v2\/media?parent=98495"}],"wp:term":[{"taxonomy":"category","embeddable":true,"href":"https:\/\/blogdoedvaldomagalhaes.com.br\/index.php\/wp-json\/wp\/v2\/categories?post=98495"},{"taxonomy":"post_tag","embeddable":true,"href":"https:\/\/blogdoedvaldomagalhaes.com.br\/index.php\/wp-json\/wp\/v2\/tags?post=98495"}],"curies":[{"name":"wp","href":"https:\/\/api.w.org\/{rel}","templated":true}]}}