{"id":98492,"date":"2023-07-11T20:00:28","date_gmt":"2023-07-11T23:00:28","guid":{"rendered":"https:\/\/blogdoedvaldomagalhaes.com.br\/?p=98492"},"modified":"2023-07-11T20:00:29","modified_gmt":"2023-07-11T23:00:29","slug":"prefeitura-de-caruaru-divulga-investimentos-na-requalificacao-de-via-que-liga-condominio-a-centro-de-compras","status":"publish","type":"post","link":"https:\/\/blogdoedvaldomagalhaes.com.br\/index.php\/2023\/07\/11\/prefeitura-de-caruaru-divulga-investimentos-na-requalificacao-de-via-que-liga-condominio-a-centro-de-compras\/","title":{"rendered":"Prefeitura de Caruaru divulga investimentos na requalifica\u00e7\u00e3o de via que liga condom\u00ednio a centro de compras"},"content":{"rendered":"<p style=\"text-align: justify;\"><span style=\"font-size: revert; color: initial;\">Engajada sempre na execu\u00e7\u00e3o de a\u00e7\u00f5es que possibilitem melhorias nas vidas dos caruaruenses, a Prefeitura de Caruaru, anunciou neste in\u00edcio de semana, mais um grande investimento em termos de obra: a reconstru\u00e7\u00e3o da via que liga o Condom\u00ednio Vog Ville at\u00e9 o Polo Caruaru, no bairro Nova Caruaru.<\/span><\/p>\n<p style=\"text-align: justify;\">A requalifica\u00e7\u00e3o, que vem a atender a reivindica\u00e7\u00e3o antiga por parte dos transeuntes do local, ter\u00e1 duas fases de execu\u00e7\u00e3o. Neste primeiro momento, o trecho est\u00e1 sendo contemplado com as aplicabilidades dos servi\u00e7os de capina\u00e7\u00e3o, ilumina\u00e7\u00e3o e patrolagem feitas pelas secretarias municipais de Servi\u00e7os P\u00fablicos e Sustentabilidade, al\u00e9m de Infraestrutura Urbana e Obras.<\/p>\n<p style=\"text-align: justify;\">Quanto \u00e0s respectivas implanta\u00e7\u00f5es de drenagem, pavimenta\u00e7\u00e3o asf\u00e1ltica, cal\u00e7adas e sinaliza\u00e7\u00f5es se dar\u00e3o, em uma segunda etapa, t\u00e3o logo ocorra \u00e0 licita\u00e7\u00e3o para escolha de empresa executora, tendo a reconstru\u00e7\u00e3o da via sendo realizada de forma definitiva.<\/p>\n<p style=\"text-align: justify;\">Para o motorista de aplicativo Wagner Silva, o investimento da Prefeitura de Caruaru solucionar\u00e1 de vez a realidade do local.<\/p>\n<p style=\"text-align: justify;\">&#8220;O prefeito Rodrigo Pinheiro vem resolvendo em um pouco mais de um ano, problemas estruturais da cidade que j\u00e1 se faziam d\u00e9cadas que deveriam ser solucionados. Desta vez, agradecem todos que precisam trafegar por esse trecho do condom\u00ednio at\u00e9 o centro de compras&#8221;.<\/p>\n<p style=\"text-align: justify;\">Se inscreva no canal do Blog no You Tube<\/p>\n<p style=\"text-align: justify;\">Siga o Instagram do Blog @blogdoedvaldomagalhaes<\/p>\n","protected":false},"excerpt":{"rendered":"<p>Engajada sempre na execu\u00e7\u00e3o de a\u00e7\u00f5es que possibilitem melhorias nas vidas dos caruaruenses, a Prefeitura de Caruaru, anunciou neste in\u00edcio&hellip;<\/p>\n","protected":false},"author":1,"featured_media":98493,"comment_status":"closed","ping_status":"open","sticky":false,"template":"","format":"standard","meta":{"footnotes":""},"categories":[14120],"tags":[2,19532,3406,28024],"class_list":["post-98492","post","type-post","status-publish","format-standard","has-post-thumbnail","hentry","category-noticias","tag-blog-do-edvaldo-magalhaes","tag-blog-mais-acessado-e-visualizado-de-caruaru-e-regiao","tag-caruaru","tag-prefeitura-de-caruaru-divulga-investimentos-na-requalificacao-de-via-que-liga-condominio-a-centro-de-compras"],"_links":{"self":[{"href":"https:\/\/blogdoedvaldomagalhaes.com.br\/index.php\/wp-json\/wp\/v2\/posts\/98492","targetHints":{"allow":["GET"]}}],"collection":[{"href":"https:\/\/blogdoedvaldomagalhaes.com.br\/index.php\/wp-json\/wp\/v2\/posts"}],"about":[{"href":"https:\/\/blogdoedvaldomagalhaes.com.br\/index.php\/wp-json\/wp\/v2\/types\/post"}],"author":[{"embeddable":true,"href":"https:\/\/blogdoedvaldomagalhaes.com.br\/index.php\/wp-json\/wp\/v2\/users\/1"}],"replies":[{"embeddable":true,"href":"https:\/\/blogdoedvaldomagalhaes.com.br\/index.php\/wp-json\/wp\/v2\/comments?post=98492"}],"version-history":[{"count":1,"href":"https:\/\/blogdoedvaldomagalhaes.com.br\/index.php\/wp-json\/wp\/v2\/posts\/98492\/revisions"}],"predecessor-version":[{"id":98494,"href":"https:\/\/blogdoedvaldomagalhaes.com.br\/index.php\/wp-json\/wp\/v2\/posts\/98492\/revisions\/98494"}],"wp:featuredmedia":[{"embeddable":true,"href":"https:\/\/blogdoedvaldomagalhaes.com.br\/index.php\/wp-json\/wp\/v2\/media\/98493"}],"wp:attachment":[{"href":"https:\/\/blogdoedvaldomagalhaes.com.br\/index.php\/wp-json\/wp\/v2\/media?parent=98492"}],"wp:term":[{"taxonomy":"category","embeddable":true,"href":"https:\/\/blogdoedvaldomagalhaes.com.br\/index.php\/wp-json\/wp\/v2\/categories?post=98492"},{"taxonomy":"post_tag","embeddable":true,"href":"https:\/\/blogdoedvaldomagalhaes.com.br\/index.php\/wp-json\/wp\/v2\/tags?post=98492"}],"curies":[{"name":"wp","href":"https:\/\/api.w.org\/{rel}","templated":true}]}}