{"id":98489,"date":"2023-07-11T18:58:07","date_gmt":"2023-07-11T21:58:07","guid":{"rendered":"https:\/\/blogdoedvaldomagalhaes.com.br\/?p=98489"},"modified":"2023-07-11T18:58:08","modified_gmt":"2023-07-11T21:58:08","slug":"hope-avanca-e-comeca-a-prescrever-lentes-de-contato-capazes-de-reduzir-progressao-da-miopia-infantil-em-quase-60","status":"publish","type":"post","link":"https:\/\/blogdoedvaldomagalhaes.com.br\/index.php\/2023\/07\/11\/hope-avanca-e-comeca-a-prescrever-lentes-de-contato-capazes-de-reduzir-progressao-da-miopia-infantil-em-quase-60\/","title":{"rendered":"HOPE avan\u00e7a e come\u00e7a a prescrever lentes de contato capazes de reduzir progress\u00e3o da miopia infantil em\u00a0quase\u00a060%"},"content":{"rendered":"<p style=\"text-align: justify;\"><span class=\"s3\" style=\"font-size: revert;\"><span class=\"bumpedFont15\">Cada vez mais, crescem os casos de miopia entre crian\u00e7as. Um levantamento<\/span><\/span><span class=\"s3\" style=\"font-size: revert;\"><span class=\"bumpedFont15\"> realizado pelo Conselho Brasileiro de Oftalmologia (CBO)<\/span><\/span><span class=\"s3\" style=\"font-size: revert;\"><span class=\"bumpedFont15\"> em 2021<\/span><\/span><span class=\"s3\" style=\"font-size: revert;\"><span class=\"bumpedFont15\"> apontou que sete em <\/span><\/span><span class=\"s3\" style=\"font-size: revert;\"><span class=\"bumpedFont15\">cada dez oftalmologistas relataram<\/span><\/span><span class=\"s3\" style=\"font-size: revert;\"><span class=\"bumpedFont15\">aumento <\/span><\/span><span class=\"s3\" style=\"font-size: revert;\"><span class=\"bumpedFont15\">de incid\u00eancia da doen\u00e7a em pacientes infantis. <\/span><\/span><span class=\"s3\" style=\"font-size: revert;\"><span class=\"bumpedFont15\">Buscando combater o problema, o HOPE, hospital que integra a rede Vision <\/span><\/span><span class=\"s3\" style=\"font-size: revert;\"><span class=\"bumpedFont15\">One<\/span><\/span><span class=\"s3\" style=\"font-size: revert;\"><span class=\"bumpedFont15\">, come\u00e7ou a receitar as lentes de contato <\/span><\/span><span class=\"s3\" style=\"font-size: revert;\"><span class=\"bumpedFont15\">MiSight<\/span><\/span><span class=\"s3\" style=\"font-size: revert;\"><span class=\"bumpedFont15\">, que reduzem em at\u00e9 59% a progress\u00e3o da miopia em crian\u00e7as entre 8 e 12 anos.<\/span><\/span><\/p>\n<p style=\"text-align: justify;\"><span class=\"s3\"><span class=\"bumpedFont15\">A oftalmologista Mirella Maranh\u00e3o foi a primeira a prescrever as novas lentes<\/span><\/span><span class=\"s3\"><span class=\"bumpedFont15\"> no hospital<\/span><\/span><a name=\"_GoBack\"><\/a><span class=\"s3\"><span class=\"bumpedFont15\">.<\/span><\/span><span class=\"s3\"><span class=\"bumpedFont15\"> \u201c<\/span><\/span><span class=\"s3\"><span class=\"bumpedFont15\">\u00c9 importante ressaltar que prevenimos n\u00e3o s\u00f3 o aumento do grau, mas as consequ\u00eancias potencialmente graves associadas a uma miopia alta, como doen\u00e7as na ret<\/span><\/span><span class=\"s3\"><span class=\"bumpedFont15\">ina (<\/span><\/span><span class=\"s3\"><span class=\"bumpedFont15\">maculopatia<\/span><\/span><span class=\"s3\"><span class=\"bumpedFont15\">, descolamento, por <\/span><\/span><span class=\"s3\"><span class=\"bumpedFont15\">exemplo) \u201d<\/span><\/span><span class=\"s3\"><span class=\"bumpedFont15\">, afirma a especialista do HOPE.<\/span><\/span><\/p>\n<p style=\"text-align: justify;\"><span class=\"s3\"><span class=\"bumpedFont15\">A oftalmologista Mirella Maranh\u00e3o ainda aponta outros pontos positivos da lente para as crian\u00e7as. <\/span><\/span><span class=\"s3\"><span class=\"bumpedFont15\">\u201cA<\/span><\/span><span class=\"s3\"><span class=\"bumpedFont15\">l\u00e9m de<\/span><\/span><span class=\"s3\"><span class=\"bumpedFont15\"> atuarem na redu\u00e7\u00e3o da progress\u00e3o da miopia, as lentes permitem<\/span><\/span><span class=\"s3\"><span class=\"bumpedFont15\"> um conforto e liberdade em rela\u00e7\u00e3o aos \u00f3culos, trazendo vantagens na quest\u00e3o social<\/span><\/span><span class=\"s3\"><span class=\"bumpedFont15\">\u201d.<\/span><\/span><\/p>\n<p style=\"text-align: justify;\"><span class=\"s4\"><span class=\"bumpedFont15\">As lentes <\/span><\/span><span class=\"s4\"><span class=\"bumpedFont15\">MiSight<\/span><\/span><span class=\"s4\"><span class=\"bumpedFont15\"> s\u00e3o as primeiras lentes de contato gelatinosas comprovadas e aprovadas pela FDA (<\/span><\/span><span class=\"s4\"><span class=\"bumpedFont15\">Food<\/span><\/span> <span class=\"s4\"><span class=\"bumpedFont15\">and<\/span><\/span> <span class=\"s4\"><span class=\"bumpedFont15\">Drug<\/span><\/span> <span class=\"s4\"><span class=\"bumpedFont15\">A<\/span><\/span><span class=\"s4\"><span class=\"bumpedFont15\">dministration<\/span><\/span><span class=\"s4\"><span class=\"bumpedFont15\">) americana. Utilizam uma tecnologia chamada de<\/span><\/span> <span class=\"s4\"><span class=\"bumpedFont15\">ActivControl<\/span><\/span><span class=\"s4\"><span class=\"bumpedFont15\"> &#8211; que s\u00e3o zonas na lente de corre\u00e7\u00e3o da vis\u00e3o e de tratamento, para evitar o aumento do comprimento do olho e, consequentemente, da miopia.<\/span><\/span><span class=\"s4\"><span class=\"bumpedFont15\">Desenvolvidas ap\u00f3s sete anos de pesquisa, e<\/span><\/span><span class=\"s4\"><span class=\"bumpedFont15\">las devem ser substitu\u00eddas diariamente, sem a necessidade de utiliza\u00e7\u00e3o de produtos para manuten\u00e7\u00e3o. Foto: Banco de dados.<\/span><\/span><\/p>\n<p style=\"text-align: justify;\">Siga o Instagram do Blog @blogdoedvaldomagalhaes<\/p>\n<p style=\"text-align: justify;\">Se inscreva no canal do Blog no You Tube<\/p>\n<p style=\"text-align: justify;\">\n","protected":false},"excerpt":{"rendered":"<p>Cada vez mais, crescem os casos de miopia entre crian\u00e7as. Um levantamento realizado pelo Conselho Brasileiro de Oftalmologia (CBO) em&hellip;<\/p>\n","protected":false},"author":1,"featured_media":98490,"comment_status":"closed","ping_status":"open","sticky":false,"template":"","format":"standard","meta":{"footnotes":""},"categories":[14120],"tags":[2,19532,3406,28023],"class_list":["post-98489","post","type-post","status-publish","format-standard","has-post-thumbnail","hentry","category-noticias","tag-blog-do-edvaldo-magalhaes","tag-blog-mais-acessado-e-visualizado-de-caruaru-e-regiao","tag-caruaru","tag-hope-avanca-e-comeca-a-prescrever-lentes-de-contato-capazes-de-reduzir-progressao-da-miopia-infantil-em-quase-60"],"_links":{"self":[{"href":"https:\/\/blogdoedvaldomagalhaes.com.br\/index.php\/wp-json\/wp\/v2\/posts\/98489","targetHints":{"allow":["GET"]}}],"collection":[{"href":"https:\/\/blogdoedvaldomagalhaes.com.br\/index.php\/wp-json\/wp\/v2\/posts"}],"about":[{"href":"https:\/\/blogdoedvaldomagalhaes.com.br\/index.php\/wp-json\/wp\/v2\/types\/post"}],"author":[{"embeddable":true,"href":"https:\/\/blogdoedvaldomagalhaes.com.br\/index.php\/wp-json\/wp\/v2\/users\/1"}],"replies":[{"embeddable":true,"href":"https:\/\/blogdoedvaldomagalhaes.com.br\/index.php\/wp-json\/wp\/v2\/comments?post=98489"}],"version-history":[{"count":1,"href":"https:\/\/blogdoedvaldomagalhaes.com.br\/index.php\/wp-json\/wp\/v2\/posts\/98489\/revisions"}],"predecessor-version":[{"id":98491,"href":"https:\/\/blogdoedvaldomagalhaes.com.br\/index.php\/wp-json\/wp\/v2\/posts\/98489\/revisions\/98491"}],"wp:featuredmedia":[{"embeddable":true,"href":"https:\/\/blogdoedvaldomagalhaes.com.br\/index.php\/wp-json\/wp\/v2\/media\/98490"}],"wp:attachment":[{"href":"https:\/\/blogdoedvaldomagalhaes.com.br\/index.php\/wp-json\/wp\/v2\/media?parent=98489"}],"wp:term":[{"taxonomy":"category","embeddable":true,"href":"https:\/\/blogdoedvaldomagalhaes.com.br\/index.php\/wp-json\/wp\/v2\/categories?post=98489"},{"taxonomy":"post_tag","embeddable":true,"href":"https:\/\/blogdoedvaldomagalhaes.com.br\/index.php\/wp-json\/wp\/v2\/tags?post=98489"}],"curies":[{"name":"wp","href":"https:\/\/api.w.org\/{rel}","templated":true}]}}