{"id":98481,"date":"2023-07-11T16:01:19","date_gmt":"2023-07-11T19:01:19","guid":{"rendered":"https:\/\/blogdoedvaldomagalhaes.com.br\/?p=98481"},"modified":"2023-07-11T16:11:51","modified_gmt":"2023-07-11T19:11:51","slug":"tecnica-de-enfermagem-e-encontrada-morta-em-hospital-de-caruaru-e-policia-investiga","status":"publish","type":"post","link":"https:\/\/blogdoedvaldomagalhaes.com.br\/index.php\/2023\/07\/11\/tecnica-de-enfermagem-e-encontrada-morta-em-hospital-de-caruaru-e-policia-investiga\/","title":{"rendered":"T\u00e9cnica de enfermagem \u00e9 encontrada morta em hospital de Caruaru e pol\u00edcia investiga"},"content":{"rendered":"<p style=\"text-align: justify;\"><span style=\"font-size: revert;\">Na manh\u00e3 desta ter\u00e7a-feira (11), uma t\u00e9cnica de enfermagem, que tamb\u00e9m era instrumentadora cir\u00fargica,\u00a0\u00a0cuidadora em geral de cirurgias pl\u00e1sticas do hospital at\u00e9 \u00e0 resid\u00eancia, foi encontrada morta no alojamento do Hospital Municipal Manoel Afonso (HMMA), na rua Quit\u00e9ria Francisca Silva, no bairro Maria Auxiliadora, em Caruaru, onde trabalhava. A Delegacia da 90\u2022 Circunscri\u00e7\u00e3o, est\u00e1 investigando o caso \u00a0com \u201cmorte a esclarecer\u201d.<\/span><\/p>\n<p style=\"text-align: justify;\"><span style=\"font-size: revert;\">NOTA DE PESAR<\/span><\/p>\n<p style=\"text-align: justify;\">\u00c9 com muito pesar que a Secretaria Municipal de Sa\u00fade de Caruaru (SMS) informa o falecimento da t\u00e9cnica de enfermagem do munic\u00edpio, Ednalda Alves de Sousa Silva, 43 anos de idade. A profissional atuava h\u00e1 nove anos no munic\u00edpio e estava lotada no Hospital Municipal Dr. Manoel Afonso (HMMA). Nossos sentimentos \u00e0 fam\u00edlia enlutada.<\/p>\n\n\n<figure class=\"wp-block-image size-large\"><img loading=\"lazy\" decoding=\"async\" width=\"1024\" height=\"1006\" src=\"https:\/\/blogdoedvaldomagalhaes.com.br\/wp-content\/uploads\/2023\/07\/5E361521-B07E-42F3-B302-E5C65C52AD5C-1024x1006.jpeg\" alt=\"\" class=\"wp-image-98483\" srcset=\"https:\/\/blogdoedvaldomagalhaes.com.br\/wp-content\/uploads\/2023\/07\/5E361521-B07E-42F3-B302-E5C65C52AD5C-1024x1006.jpeg 1024w, https:\/\/blogdoedvaldomagalhaes.com.br\/wp-content\/uploads\/2023\/07\/5E361521-B07E-42F3-B302-E5C65C52AD5C-300x295.jpeg 300w, https:\/\/blogdoedvaldomagalhaes.com.br\/wp-content\/uploads\/2023\/07\/5E361521-B07E-42F3-B302-E5C65C52AD5C-768x754.jpeg 768w, https:\/\/blogdoedvaldomagalhaes.com.br\/wp-content\/uploads\/2023\/07\/5E361521-B07E-42F3-B302-E5C65C52AD5C.jpeg 1284w\" sizes=\"auto, (max-width: 1024px) 100vw, 1024px\" \/><figcaption class=\"wp-element-caption\">Foto: Reprodu\u00e7\u00e3o\/Redes Sociais <\/figcaption><\/figure>\n","protected":false},"excerpt":{"rendered":"<p>Na manh\u00e3 desta ter\u00e7a-feira (11), uma t\u00e9cnica de enfermagem, que tamb\u00e9m era instrumentadora cir\u00fargica,\u00a0\u00a0cuidadora em geral de cirurgias pl\u00e1sticas do&hellip;<\/p>\n","protected":false},"author":1,"featured_media":65927,"comment_status":"closed","ping_status":"open","sticky":false,"template":"","format":"standard","meta":{"footnotes":""},"categories":[14120],"tags":[2,19532,3406,28022],"class_list":["post-98481","post","type-post","status-publish","format-standard","has-post-thumbnail","hentry","category-noticias","tag-blog-do-edvaldo-magalhaes","tag-blog-mais-acessado-e-visualizado-de-caruaru-e-regiao","tag-caruaru","tag-tecnica-de-enfermagem-e-encontrada-morta-em-hospital-de-caruaru-e-policia-investiga"],"_links":{"self":[{"href":"https:\/\/blogdoedvaldomagalhaes.com.br\/index.php\/wp-json\/wp\/v2\/posts\/98481","targetHints":{"allow":["GET"]}}],"collection":[{"href":"https:\/\/blogdoedvaldomagalhaes.com.br\/index.php\/wp-json\/wp\/v2\/posts"}],"about":[{"href":"https:\/\/blogdoedvaldomagalhaes.com.br\/index.php\/wp-json\/wp\/v2\/types\/post"}],"author":[{"embeddable":true,"href":"https:\/\/blogdoedvaldomagalhaes.com.br\/index.php\/wp-json\/wp\/v2\/users\/1"}],"replies":[{"embeddable":true,"href":"https:\/\/blogdoedvaldomagalhaes.com.br\/index.php\/wp-json\/wp\/v2\/comments?post=98481"}],"version-history":[{"count":3,"href":"https:\/\/blogdoedvaldomagalhaes.com.br\/index.php\/wp-json\/wp\/v2\/posts\/98481\/revisions"}],"predecessor-version":[{"id":98487,"href":"https:\/\/blogdoedvaldomagalhaes.com.br\/index.php\/wp-json\/wp\/v2\/posts\/98481\/revisions\/98487"}],"wp:featuredmedia":[{"embeddable":true,"href":"https:\/\/blogdoedvaldomagalhaes.com.br\/index.php\/wp-json\/wp\/v2\/media\/65927"}],"wp:attachment":[{"href":"https:\/\/blogdoedvaldomagalhaes.com.br\/index.php\/wp-json\/wp\/v2\/media?parent=98481"}],"wp:term":[{"taxonomy":"category","embeddable":true,"href":"https:\/\/blogdoedvaldomagalhaes.com.br\/index.php\/wp-json\/wp\/v2\/categories?post=98481"},{"taxonomy":"post_tag","embeddable":true,"href":"https:\/\/blogdoedvaldomagalhaes.com.br\/index.php\/wp-json\/wp\/v2\/tags?post=98481"}],"curies":[{"name":"wp","href":"https:\/\/api.w.org\/{rel}","templated":true}]}}