{"id":98478,"date":"2023-07-11T11:08:47","date_gmt":"2023-07-11T14:08:47","guid":{"rendered":"https:\/\/blogdoedvaldomagalhaes.com.br\/?p=98478"},"modified":"2023-07-11T11:08:47","modified_gmt":"2023-07-11T14:08:47","slug":"suspeitos-de-assalto-sao-presos-e-parte-do-dinheiro-recuperada","status":"publish","type":"post","link":"https:\/\/blogdoedvaldomagalhaes.com.br\/index.php\/2023\/07\/11\/suspeitos-de-assalto-sao-presos-e-parte-do-dinheiro-recuperada\/","title":{"rendered":"Suspeitos de assalto s\u00e3o presos e parte do dinheiro recuperada"},"content":{"rendered":"<p style=\"text-align: justify;\"><span style=\"color: initial; font-size: revert;\">Policiais militares do 14\u00ba BPM prenderam em flagrante os respons\u00e1veis por um assalto a um correspondente banc\u00e1rio da Caixa Econ\u00f4mica, em Serra Talhada. O efetivo foi acionado pela Central de Opera\u00e7\u00f5es, informando que havia sido subtra\u00edda a quantia de R$ 4.400,00. Ap\u00f3s an\u00e1lise de um v\u00eddeo que circulava nas redes sociais, um dos suspeitos foi identificado.<\/span><\/p>\n<p style=\"text-align: justify;\">Foram feitas rondas e ele foi encontrado. Ao notar a aproxima\u00e7\u00e3o dos policiais, jogou fora tr\u00eas pedras de crack e, durante a revista pessoal, havia no bolso do seu short R$ 2.158,00. Ele admitiu que se tratava de parte do valor subtra\u00eddo do estabelecimento, mas garantiu que n\u00e3o usou arma, apenas um peda\u00e7o de cano para enganar a v\u00edtima.<\/p>\n<p style=\"text-align: justify;\">O restante do dinheiro foi dividido com dois parceiros. Eles tamb\u00e9m foram localizados, sendo o primeiro em via p\u00fablica, em posse de R$ 256,00, tr\u00eas carteiras de cigarro e um Iphone4S. A terceira envolvida, uma mulher, estava na cal\u00e7ada de sua resid\u00eancia.<\/p>\n<p style=\"text-align: justify;\">Diante dos fatos, o trio foi conduzido para a Delegacia de Pol\u00edcia Civil local, para que fossem adotadas as medidas cab\u00edveis. Foto: Divulga\u00e7\u00e3o\/PMPE.<\/p>\n<p style=\"text-align: justify;\">Se inscreva no canal do Blog no You Tube<\/p>\n<p style=\"text-align: justify;\">Siga o Instagram do Blog @blogdoedvaldomagalhaes<\/p>\n","protected":false},"excerpt":{"rendered":"<p>Policiais militares do 14\u00ba BPM prenderam em flagrante os respons\u00e1veis por um assalto a um correspondente banc\u00e1rio da Caixa Econ\u00f4mica,&hellip;<\/p>\n","protected":false},"author":1,"featured_media":98479,"comment_status":"closed","ping_status":"open","sticky":false,"template":"","format":"standard","meta":{"footnotes":""},"categories":[14121],"tags":[2,19532,3406,28021],"class_list":["post-98478","post","type-post","status-publish","format-standard","has-post-thumbnail","hentry","category-policial","tag-blog-do-edvaldo-magalhaes","tag-blog-mais-acessado-e-visualizado-de-caruaru-e-regiao","tag-caruaru","tag-suspeitos-de-assalto-sao-presos-e-parte-do-dinheiro-recuperada"],"_links":{"self":[{"href":"https:\/\/blogdoedvaldomagalhaes.com.br\/index.php\/wp-json\/wp\/v2\/posts\/98478","targetHints":{"allow":["GET"]}}],"collection":[{"href":"https:\/\/blogdoedvaldomagalhaes.com.br\/index.php\/wp-json\/wp\/v2\/posts"}],"about":[{"href":"https:\/\/blogdoedvaldomagalhaes.com.br\/index.php\/wp-json\/wp\/v2\/types\/post"}],"author":[{"embeddable":true,"href":"https:\/\/blogdoedvaldomagalhaes.com.br\/index.php\/wp-json\/wp\/v2\/users\/1"}],"replies":[{"embeddable":true,"href":"https:\/\/blogdoedvaldomagalhaes.com.br\/index.php\/wp-json\/wp\/v2\/comments?post=98478"}],"version-history":[{"count":1,"href":"https:\/\/blogdoedvaldomagalhaes.com.br\/index.php\/wp-json\/wp\/v2\/posts\/98478\/revisions"}],"predecessor-version":[{"id":98480,"href":"https:\/\/blogdoedvaldomagalhaes.com.br\/index.php\/wp-json\/wp\/v2\/posts\/98478\/revisions\/98480"}],"wp:featuredmedia":[{"embeddable":true,"href":"https:\/\/blogdoedvaldomagalhaes.com.br\/index.php\/wp-json\/wp\/v2\/media\/98479"}],"wp:attachment":[{"href":"https:\/\/blogdoedvaldomagalhaes.com.br\/index.php\/wp-json\/wp\/v2\/media?parent=98478"}],"wp:term":[{"taxonomy":"category","embeddable":true,"href":"https:\/\/blogdoedvaldomagalhaes.com.br\/index.php\/wp-json\/wp\/v2\/categories?post=98478"},{"taxonomy":"post_tag","embeddable":true,"href":"https:\/\/blogdoedvaldomagalhaes.com.br\/index.php\/wp-json\/wp\/v2\/tags?post=98478"}],"curies":[{"name":"wp","href":"https:\/\/api.w.org\/{rel}","templated":true}]}}