{"id":98463,"date":"2023-07-10T18:39:18","date_gmt":"2023-07-10T21:39:18","guid":{"rendered":"https:\/\/blogdoedvaldomagalhaes.com.br\/?p=98463"},"modified":"2023-07-10T19:01:33","modified_gmt":"2023-07-10T22:01:33","slug":"confira-a-programacao-do-festival-de-inverno-de-garanhuns-fig","status":"publish","type":"post","link":"https:\/\/blogdoedvaldomagalhaes.com.br\/index.php\/2023\/07\/10\/confira-a-programacao-do-festival-de-inverno-de-garanhuns-fig\/","title":{"rendered":"Confira a programa\u00e7\u00e3o do Festival de Inverno de Garanhuns (FIG)"},"content":{"rendered":"<p style=\"text-align: justify;\">A programa\u00e7\u00e3o do Festival de Inverno de Garanhuns, o FIG 2023, foi anunciada nesta segunda-feira (10). <span style=\"font-size: revert;\">A 31\u00aa edi\u00e7\u00e3o do evento acontecer\u00e1 de 21 a 30 de julho. Neste ano, o festival conta com shows de Lenine, Na\u00e7\u00e3o Zumbi, Arnaldo Antunes, Maneva, Tiago Iorc e Priscila Senna e atra\u00e7\u00f5es locais.<\/span><\/p>\n<p style=\"text-align: justify;\">Nos dias de programa\u00e7\u00e3o, os artistas v\u00e3o se apresentar nos 20 polos do festival, como o palco da Pra\u00e7a Mestre Dominguinhos. Este ano, os homenageados da festa s\u00e3o Gonzaga, fundador de oito grupos de reisado, e o empreendedor Cyro Ferreira da Costa. Confira\u00a0<span style=\"font-size: revert;\">\u00a0a programa\u00e7\u00e3o completa:<\/span><\/p>\n<p><strong>PALCO MESTRE DOMINGUINHOS<\/strong><\/p>\n<p>Sexta-feira | 21\/07<br \/>20h &#8211; Orquestra Sanf\u00f4nica Mestre Dominguinhos<br \/>21h30 &#8211; Isaar de Fran\u00e7a<br \/>23h10 &#8211; Lenine<br \/>0h50 &#8211; Maneva<\/p>\n<p>S\u00e1bado | 22\/07<br \/>19h30 &#8211; Os Valvulados<br \/>20h50 &#8211; Erisson Porto<br \/>22h30 &#8211; Lula Queiroga<br \/>0h10 &#8211; O Teatro M\u00e1gico<\/p>\n<p>Domingo | 23\/07<br \/>20h &#8211; Cantoria Crua<br \/>21h30 &#8211; Geraldo Azevedo<br \/>23h &#8211; Liv Moraes<br \/>0h50 &#8211; Atra\u00e7\u00e3o surpresa<\/p>\n<p>Segunda-feira | 24\/07<br \/>20h50 &#8211; M\u00f4nica Almeida<br \/>22h30 &#8211; Priscila Senna<br \/>0h10 &#8211; Otto canta Rossi<br \/>1h50 &#8211; Conde S\u00f3 Brega<\/p>\n<p>Quarta-feira | 26\/07<br \/>20h &#8211; Mirelly Ara\u00fajo<br \/>21h30 &#8211; Erica Natuza<br \/>23h &#8211; Tiago Iorc<br \/>0h50 &#8211; Baile do Simonal com Wilson Simoninha, Max de Castro e Sandra de S\u00e1<\/p>\n<p>Quinta-feira | 27\/07<br \/>19h30 &#8211; Andrea Amorim<br \/>20h50 &#8211; Tamarineira Azul<br \/>22h30 &#8211; Momboj\u00f3<br \/>0h10 &#8211; Arnaldo Antunes<br \/>1h50 &#8211; Na\u00e7\u00e3o Zumbi<\/p>\n<p>Sexta-feira | 28\/07<br \/>20h &#8211; Barbarize<br \/>23h30 &#8211; Uana<br \/>1h20 &#8211; Atra\u00e7\u00e3o surpresa<\/p>\n<p>S\u00e1bado | 29\/07<br \/>19h30 &#8211; JAM 212<br \/>20h50 &#8211; Zeh Lucas<br \/>22h30 &#8211; Volver<br \/>0h10 &#8211; Paulo Miklos<br \/>1h50 &#8211; Ave Sangria<\/p>\n<p>Domingo | 30\/07<br \/>19h30 &#8211; Alexandre Revoredo<br \/>20h50 &#8211; Rog\u00e9ria Dera<br \/>22h30 &#8211; Uptown Blues Band &amp; Derico Sciotti<br \/>0h10 &#8211; Frejat<br \/>1h50 &#8211; Baby do Brasil<\/p>\n<p><strong>Palco Z\u00e9 da Macuca<\/strong><\/p>\n<p>Ter\u00e7a-feira | 25\/07<\/p>\n<p>19 \u2013 Macuca, Forr\u00f3 e Frevo<br \/>20h \u2013 Cena Peixinhos com Carranca, Etnia e Capim Santo<br \/>21h30 \u2013 H\u00e9loa<br \/>23h \u2013 Mestre Ambr\u00f3sio<\/p>\n<p>Quarta-feira | 26\/07<\/p>\n<p>18h30 \u2013 Mourinha do Forr\u00f3<br \/>20 \u2013 Em Canto e Poesia<br \/>21h30 \u2013 Assis\u00e3o<br \/>23h \u2013 Cascabulho<br \/>0h30 \u2013 Joquinha Gonzaga<\/p>\n<p>Quinta-feira | 27\/07<\/p>\n<p>18h30 \u2013 Rimas da Resit\u00eancia<br \/>20h \u2013 Bira e o Bando<br \/>21h30 \u2013 Z\u00e9 Brown e Caju e Castanha<br \/>23h \u2013 Black Pantera &amp; Devotos<br \/>0h30 \u2013 Mundo Livre S\/A<\/p>\n<p>Sexta-feira | 28\/07<\/p>\n<p>18h30 \u2013 Carla Marques<br \/>20 \u2013 Larissa Lisboa<br \/>21h30 \u2013 Luiz Lins<br \/>23h \u2013 Get\u00falio Abelha<br \/>0h30 \u2013 Odair Jos\u00e9<\/p>\n<p>S\u00e1bado | 29\/07<\/p>\n<p>18h30 \u2013 Dani Carmesin<br \/>20 \u2013 Rog\u00e9rio e os Cabra<br \/>21h30 \u2013 Ortinho<br \/>23 \u2013 Clayton Barros<br \/>0h30 \u2013 Tribo de Jah<\/p>\n<p>Domingo | 30\/07<\/p>\n<p>20h \u2013 Ri\u00e1h<br \/>21h30 \u2013 Gabi da Pele Preta<br \/>23h \u2013 Bonsucesso<br \/>Samba Clube<br \/>0h30 \u2013 Banda Eddie<\/p>\n<p>Siga o Instagram do Blog @blogdoedvaldomagalhaes<\/p>\n<p>Se inscreva no canal do Blog no You Tube<\/p>\n<p style=\"text-align: justify;\">Foto:\u00a0<strong>: DIOGO FERNANDES\/SECULT-PE<\/strong><\/p>\n<p style=\"text-align: justify;\">\u00a0<\/p>\n\n\n<figure class=\"wp-block-image size-large\"><img loading=\"lazy\" decoding=\"async\" width=\"1024\" height=\"1024\" src=\"https:\/\/blogdoedvaldomagalhaes.com.br\/wp-content\/uploads\/2023\/07\/B6BCC9B1-7049-4BFB-A445-C140D0286E35-1024x1024.jpeg\" alt=\"\" class=\"wp-image-98467\" srcset=\"https:\/\/blogdoedvaldomagalhaes.com.br\/wp-content\/uploads\/2023\/07\/B6BCC9B1-7049-4BFB-A445-C140D0286E35.jpeg 1024w, https:\/\/blogdoedvaldomagalhaes.com.br\/wp-content\/uploads\/2023\/07\/B6BCC9B1-7049-4BFB-A445-C140D0286E35-300x300.jpeg 300w, https:\/\/blogdoedvaldomagalhaes.com.br\/wp-content\/uploads\/2023\/07\/B6BCC9B1-7049-4BFB-A445-C140D0286E35-150x150.jpeg 150w, https:\/\/blogdoedvaldomagalhaes.com.br\/wp-content\/uploads\/2023\/07\/B6BCC9B1-7049-4BFB-A445-C140D0286E35-768x768.jpeg 768w\" sizes=\"auto, (max-width: 1024px) 100vw, 1024px\" \/><\/figure>\n\n\n\n<figure class=\"wp-block-image size-large\"><img loading=\"lazy\" decoding=\"async\" width=\"1024\" height=\"1024\" src=\"https:\/\/blogdoedvaldomagalhaes.com.br\/wp-content\/uploads\/2023\/07\/D14ACFD3-A41B-4792-B6B0-0B00C539654B-1024x1024.jpeg\" alt=\"\" class=\"wp-image-98466\" srcset=\"https:\/\/blogdoedvaldomagalhaes.com.br\/wp-content\/uploads\/2023\/07\/D14ACFD3-A41B-4792-B6B0-0B00C539654B.jpeg 1024w, https:\/\/blogdoedvaldomagalhaes.com.br\/wp-content\/uploads\/2023\/07\/D14ACFD3-A41B-4792-B6B0-0B00C539654B-300x300.jpeg 300w, https:\/\/blogdoedvaldomagalhaes.com.br\/wp-content\/uploads\/2023\/07\/D14ACFD3-A41B-4792-B6B0-0B00C539654B-150x150.jpeg 150w, https:\/\/blogdoedvaldomagalhaes.com.br\/wp-content\/uploads\/2023\/07\/D14ACFD3-A41B-4792-B6B0-0B00C539654B-768x768.jpeg 768w\" sizes=\"auto, (max-width: 1024px) 100vw, 1024px\" \/><\/figure>\n","protected":false},"excerpt":{"rendered":"<p>A programa\u00e7\u00e3o do Festival de Inverno de Garanhuns, o FIG 2023, foi anunciada nesta segunda-feira (10). A 31\u00aa edi\u00e7\u00e3o do&hellip;<\/p>\n","protected":false},"author":1,"featured_media":98464,"comment_status":"closed","ping_status":"open","sticky":false,"template":"","format":"standard","meta":{"footnotes":""},"categories":[14120],"tags":[],"class_list":["post-98463","post","type-post","status-publish","format-standard","has-post-thumbnail","hentry","category-noticias"],"_links":{"self":[{"href":"https:\/\/blogdoedvaldomagalhaes.com.br\/index.php\/wp-json\/wp\/v2\/posts\/98463","targetHints":{"allow":["GET"]}}],"collection":[{"href":"https:\/\/blogdoedvaldomagalhaes.com.br\/index.php\/wp-json\/wp\/v2\/posts"}],"about":[{"href":"https:\/\/blogdoedvaldomagalhaes.com.br\/index.php\/wp-json\/wp\/v2\/types\/post"}],"author":[{"embeddable":true,"href":"https:\/\/blogdoedvaldomagalhaes.com.br\/index.php\/wp-json\/wp\/v2\/users\/1"}],"replies":[{"embeddable":true,"href":"https:\/\/blogdoedvaldomagalhaes.com.br\/index.php\/wp-json\/wp\/v2\/comments?post=98463"}],"version-history":[{"count":5,"href":"https:\/\/blogdoedvaldomagalhaes.com.br\/index.php\/wp-json\/wp\/v2\/posts\/98463\/revisions"}],"predecessor-version":[{"id":98474,"href":"https:\/\/blogdoedvaldomagalhaes.com.br\/index.php\/wp-json\/wp\/v2\/posts\/98463\/revisions\/98474"}],"wp:featuredmedia":[{"embeddable":true,"href":"https:\/\/blogdoedvaldomagalhaes.com.br\/index.php\/wp-json\/wp\/v2\/media\/98464"}],"wp:attachment":[{"href":"https:\/\/blogdoedvaldomagalhaes.com.br\/index.php\/wp-json\/wp\/v2\/media?parent=98463"}],"wp:term":[{"taxonomy":"category","embeddable":true,"href":"https:\/\/blogdoedvaldomagalhaes.com.br\/index.php\/wp-json\/wp\/v2\/categories?post=98463"},{"taxonomy":"post_tag","embeddable":true,"href":"https:\/\/blogdoedvaldomagalhaes.com.br\/index.php\/wp-json\/wp\/v2\/tags?post=98463"}],"curies":[{"name":"wp","href":"https:\/\/api.w.org\/{rel}","templated":true}]}}