{"id":98459,"date":"2023-07-10T17:41:07","date_gmt":"2023-07-10T20:41:07","guid":{"rendered":"https:\/\/blogdoedvaldomagalhaes.com.br\/?p=98459"},"modified":"2023-07-10T17:41:09","modified_gmt":"2023-07-10T20:41:09","slug":"priscila-krause-solicita-ao-governo-federal-recursos-para-obras-inacabadas-de-barragens-do-estado","status":"publish","type":"post","link":"https:\/\/blogdoedvaldomagalhaes.com.br\/index.php\/2023\/07\/10\/priscila-krause-solicita-ao-governo-federal-recursos-para-obras-inacabadas-de-barragens-do-estado\/","title":{"rendered":"Priscila Krause solicita ao governo federal recursos para obras inacabadas de barragens do Estado"},"content":{"rendered":"<div style=\"text-align: justify;\"><span style=\"color: initial; font-size: revert;\">Representando a governadora Raquel Lyra, a vice-governadora de Pernambuco, Priscila Krause, pediu ajuda de recursos ao governo federal para investir na finaliza\u00e7\u00e3o das obras de barragens do Estado e em a\u00e7\u00f5es habitacionais durante a cerim\u00f4nia de posse do novo presidente da Sudene, Danilo Cabral, nesta segunda-feira, 10. Na ocasi\u00e3o, Priscila mencionou o empenho do ministro da Integra\u00e7\u00e3o e do Desenvolvimento Regional, Waldez G\u00f3es, neste in\u00edcio de governo, no apoio a a\u00e7\u00f5es do Estado de Pernambuco, como a libera\u00e7\u00e3o de R$ 50 milh\u00f5es para a Adutora do Agreste, refor\u00e7ando a import\u00e2ncia do fortalecimento desse di\u00e1logo.<\/span><\/div>\n<p style=\"text-align: justify;\"><br \/>Especificamente em rela\u00e7\u00e3o \u00e0s barragens, das cinco unidades destinadas ao cintur\u00e3o da Mata Sul, apenas a de Serro Azul foi conclu\u00edda. As barragens de Panelas II e de Gatos j\u00e1 tem conv\u00eanio pactuado com o Minist\u00e9rio da Integra\u00e7\u00e3o para a finaliza\u00e7\u00e3o das obras. Agora, a vice-governadora solicita que, al\u00e9m de serem efetivamente liberados valores para as duas, tamb\u00e9m sejam inclu\u00eddas nas listas de a\u00e7\u00f5es de infraestrutura do governo federal as barragens de Igarapeba e de Guabiraba.<br \/><br \/>&#8220;Enquanto estamos aqui, a governadora est\u00e1 sobrevoando 15 munic\u00edpios afetados pelas chuvas da \u00faltima sexta-feira, que certamente seriam muito menos impactadas caso o sistema de barragens estivesse conclu\u00eddo. Sim, esse \u00e9 um dever nosso, um dever a respeito do qual estamos muito atrasados quanto estado, mas que depende essencialmente da disponibiliza\u00e7\u00e3o de recursos sob a gest\u00e3o do Minist\u00e9rio da Integra\u00e7\u00e3o e do Desenvolvimento Regional&#8221;, enfatizou Priscila.<br \/><br \/>Em fala ao novo presidente da Sudene, Priscila Krause lembrou que Danilo Cabral ocupa agora o lugar pensando por Celso Furtado, o primeiro a enxergar o Nordeste como parte das solu\u00e7\u00f5es para o Brasil. \u201cDe maneira integrada, desenvolver nossa regi\u00e3o com o prop\u00f3sito de superar as desigualdades sociais que insistem em nos fazer acreditar que elas s\u00e3o inerentes a nossa exist\u00eancia. N\u00e3o s\u00e3o. A desigualdade \u00e9 fruto de equ\u00edvocos ao longo da nossa hist\u00f3ria. Mas tamb\u00e9m tivemos muitos acertos. O primeiro foi a pr\u00f3pria cria\u00e7\u00e3o da Sudene e a insist\u00eancia no planejamento do desenvolvimento integrado que nos far\u00e1 alcan\u00e7ar a equidade e a justi\u00e7a social t\u00e3o sonhadas\u201d afirmou.<br \/>\u00a0<br \/>Priscila ainda declarou que projetos como o cintur\u00e3o de barragens, transposi\u00e7\u00e3o do S\u00e3o Francisco, Transnordestina, pol\u00edticas de sustentabilidade, economia criativa, est\u00edmulos aos arranjos econ\u00f4micos locais est\u00e3o dentro do escopo da Sudene. \u201cVamos seguir trabalhando sem perder o foco e nos guiando pelo plano de desenvolvimento regional. Para isso estamos juntos e convergindo. O Governo de Pernambuco, assim como tem feito sob a lideran\u00e7a da governadora Raquel Lyra, desde o in\u00edcio deste mandato, est\u00e1 \u00e0 disposi\u00e7\u00e3o do governo federal e da Sudene para encontrarmos as melhores solu\u00e7\u00f5es para impulsionar o bem-estar social e o dinamismo econ\u00f4mico na regi\u00e3o\u201d, reiterou.<br \/><br \/>HABITA\u00c7\u00c3O &#8211; \u00a0Em seu discurso, a vice-governadora Priscila Krause tamb\u00e9m afirmou que tem a convic\u00e7\u00e3o que o desenvolvimento do Nordeste passa pelo enfrentamento de d\u00e9ficits e mazelas que h\u00e1 d\u00e9cadas se arrastam e que s\u00f3 ser\u00e3o vencidos com uni\u00e3o e aporte de recursos fundamentais do governo federal. &#8220;O desenvolvimento econ\u00f4mico n\u00e3o anda desalinhado com o desenvolvimento social. E por isso, aproveito essa oportunidade &#8211; e n\u00e3o poderia ser diferente &#8211; para fazer men\u00e7\u00e3o ao triste epis\u00f3dio que vitimou 14 pernambucanos, na \u00faltima sexta-feira, com o desabamento de um pr\u00e9dio no Janga, em Paulista&#8221;, declarou.<br \/><br \/>Priscila ainda enfatizou que dar solu\u00e7\u00e3o \u00e0 crise habitacional na Regi\u00e3o Metropolitana do Recife \u00e9 uma demanda emergencial. &#8220;S\u00f3 no Recife, s\u00e3o mais de 70 mil fam\u00edlias que n\u00e3o tem onde morar. Sem essa garantia m\u00ednima de cidadania, como disse, n\u00e3o se sustenta desenvolvimento econ\u00f4mico&#8221;, pontuou.<\/p>\n\n\n<figure class=\"wp-block-image size-full\"><img loading=\"lazy\" decoding=\"async\" width=\"1024\" height=\"683\" src=\"https:\/\/blogdoedvaldomagalhaes.com.br\/wp-content\/uploads\/2023\/07\/Priscila-Krause-Sudene-Julho-2023-1.jpeg\" alt=\"\" class=\"wp-image-98461\" srcset=\"https:\/\/blogdoedvaldomagalhaes.com.br\/wp-content\/uploads\/2023\/07\/Priscila-Krause-Sudene-Julho-2023-1.jpeg 1024w, https:\/\/blogdoedvaldomagalhaes.com.br\/wp-content\/uploads\/2023\/07\/Priscila-Krause-Sudene-Julho-2023-1-300x200.jpeg 300w, https:\/\/blogdoedvaldomagalhaes.com.br\/wp-content\/uploads\/2023\/07\/Priscila-Krause-Sudene-Julho-2023-1-768x512.jpeg 768w\" sizes=\"auto, (max-width: 1024px) 100vw, 1024px\" \/><figcaption class=\"wp-element-caption\">Fotos: Am\u00e9rico Nunes<\/figcaption><\/figure>\n","protected":false},"excerpt":{"rendered":"<p>Representando a governadora Raquel Lyra, a vice-governadora de Pernambuco, Priscila Krause, pediu ajuda de recursos ao governo federal para investir&hellip;<\/p>\n","protected":false},"author":1,"featured_media":98460,"comment_status":"closed","ping_status":"open","sticky":false,"template":"","format":"standard","meta":{"footnotes":""},"categories":[14122],"tags":[2,19532,3406,20,28014],"class_list":["post-98459","post","type-post","status-publish","format-standard","has-post-thumbnail","hentry","category-politica","tag-blog-do-edvaldo-magalhaes","tag-blog-mais-acessado-e-visualizado-de-caruaru-e-regiao","tag-caruaru","tag-politica","tag-priscila-krause-solicita-ao-governo-federal-recursos-para-obras-inacabadas-de-barragens-do-estado"],"_links":{"self":[{"href":"https:\/\/blogdoedvaldomagalhaes.com.br\/index.php\/wp-json\/wp\/v2\/posts\/98459","targetHints":{"allow":["GET"]}}],"collection":[{"href":"https:\/\/blogdoedvaldomagalhaes.com.br\/index.php\/wp-json\/wp\/v2\/posts"}],"about":[{"href":"https:\/\/blogdoedvaldomagalhaes.com.br\/index.php\/wp-json\/wp\/v2\/types\/post"}],"author":[{"embeddable":true,"href":"https:\/\/blogdoedvaldomagalhaes.com.br\/index.php\/wp-json\/wp\/v2\/users\/1"}],"replies":[{"embeddable":true,"href":"https:\/\/blogdoedvaldomagalhaes.com.br\/index.php\/wp-json\/wp\/v2\/comments?post=98459"}],"version-history":[{"count":1,"href":"https:\/\/blogdoedvaldomagalhaes.com.br\/index.php\/wp-json\/wp\/v2\/posts\/98459\/revisions"}],"predecessor-version":[{"id":98462,"href":"https:\/\/blogdoedvaldomagalhaes.com.br\/index.php\/wp-json\/wp\/v2\/posts\/98459\/revisions\/98462"}],"wp:featuredmedia":[{"embeddable":true,"href":"https:\/\/blogdoedvaldomagalhaes.com.br\/index.php\/wp-json\/wp\/v2\/media\/98460"}],"wp:attachment":[{"href":"https:\/\/blogdoedvaldomagalhaes.com.br\/index.php\/wp-json\/wp\/v2\/media?parent=98459"}],"wp:term":[{"taxonomy":"category","embeddable":true,"href":"https:\/\/blogdoedvaldomagalhaes.com.br\/index.php\/wp-json\/wp\/v2\/categories?post=98459"},{"taxonomy":"post_tag","embeddable":true,"href":"https:\/\/blogdoedvaldomagalhaes.com.br\/index.php\/wp-json\/wp\/v2\/tags?post=98459"}],"curies":[{"name":"wp","href":"https:\/\/api.w.org\/{rel}","templated":true}]}}