{"id":98456,"date":"2023-07-10T17:26:48","date_gmt":"2023-07-10T20:26:48","guid":{"rendered":"https:\/\/blogdoedvaldomagalhaes.com.br\/?p=98456"},"modified":"2023-07-10T17:26:50","modified_gmt":"2023-07-10T20:26:50","slug":"caruaru-vai-receber-a-2a-edicao-do-encontro-de-gestores-educacionais","status":"publish","type":"post","link":"https:\/\/blogdoedvaldomagalhaes.com.br\/index.php\/2023\/07\/10\/caruaru-vai-receber-a-2a-edicao-do-encontro-de-gestores-educacionais\/","title":{"rendered":"Caruaru vai receber a 2\u00aa edi\u00e7\u00e3o do Encontro de Gestores Educacionais"},"content":{"rendered":"<p style=\"text-align: justify;\"><span style=\"color: initial; font-size: revert;\">Acontece no dia 19 de agosto, no Centro de Conven\u00e7\u00f5es, em Caruaru, a 2\u00aa Edi\u00e7\u00e3o do Encontro de Gestores Educacionais (Enged) realizado gratuitamente pelo Grupo Ferreira T\u00f4rres &#8211; composto pelo Ferreira T\u00f4rres Advogados e a Simplifique Gest\u00e3o Financeira Escolar. O objetivo do evento \u00e9 capacitar gestores de institui\u00e7\u00f5es de ensino da rede particular e p\u00fablica, permitindo que as escolas acompanhem os avan\u00e7os na educa\u00e7\u00e3o e adotem novas tecnologias.<\/span><\/p>\n<p style=\"text-align: justify;\">Durante o evento, acontecer\u00e3o debates e trocas de experi\u00eancias sobre as novas realidades da educa\u00e7\u00e3o no Brasil. O momento \u00e9 uma oportunidade de gestores se reciclarem e conhecerem inova\u00e7\u00f5es do setor. O coordenador do Enged, o advogado especialista em direito educacional, Luiz T\u00f4rres Neto, explica como o evento pode ajudar os gestores. \u201cA evolu\u00e7\u00e3o educacional \u00e9 constante e precisamos estar atentos aos sinais. No Enged, vamos passar para as institui\u00e7\u00f5es as novidades, tend\u00eancias e o que \u00e9 discutido do ponto de vista nacional e internacional. Vamos falar no encontro desde intelig\u00eancia artificial, passando pelo relacionamento parental, indo at\u00e9 a gest\u00e3o financeira das institui\u00e7\u00f5es e educa\u00e7\u00e3o inclusiva\u201d, destacou.<\/p>\n<p style=\"text-align: justify;\">Este ano, al\u00e9m das escolas privadas, vagas ser\u00e3o reservadas para as escolas p\u00fablicas. As inscri\u00e7\u00f5es, gratuitas,\u00a0ser\u00e3o iniciadas a partir de 17 de julho e seguem at\u00e9 17 de agosto. Entre os nomes dos palestrantes est\u00e3o, al\u00e9m do advogado Luiz T\u00f4rres Neto, o pedagogo, administrador e te\u00f3logo Ribamar Monteiro, a pedagoga e gestora do Col\u00e9gio Vila em Jo\u00e3o Pessoa (PB), Fabiana Monteiro e a doutora e mestre em Psicologia Cognitiva, Tatiana Val\u00e9rio.<\/p>\n<p style=\"text-align: justify;\">Siga o Instagram do Blog @blogdoedvaldomagalhaes<\/p>\n<p style=\"text-align: justify;\">Se inscreva no canal do Blog no You Tube<\/p>\n","protected":false},"excerpt":{"rendered":"<p>Acontece no dia 19 de agosto, no Centro de Conven\u00e7\u00f5es, em Caruaru, a 2\u00aa Edi\u00e7\u00e3o do Encontro de Gestores Educacionais&hellip;<\/p>\n","protected":false},"author":1,"featured_media":98457,"comment_status":"closed","ping_status":"open","sticky":false,"template":"","format":"standard","meta":{"footnotes":""},"categories":[14120],"tags":[2,19532,3406,28013],"class_list":["post-98456","post","type-post","status-publish","format-standard","has-post-thumbnail","hentry","category-noticias","tag-blog-do-edvaldo-magalhaes","tag-blog-mais-acessado-e-visualizado-de-caruaru-e-regiao","tag-caruaru","tag-caruaru-vai-receber-a-2a-edicao-do-encontro-de-gestores-educacionais"],"_links":{"self":[{"href":"https:\/\/blogdoedvaldomagalhaes.com.br\/index.php\/wp-json\/wp\/v2\/posts\/98456","targetHints":{"allow":["GET"]}}],"collection":[{"href":"https:\/\/blogdoedvaldomagalhaes.com.br\/index.php\/wp-json\/wp\/v2\/posts"}],"about":[{"href":"https:\/\/blogdoedvaldomagalhaes.com.br\/index.php\/wp-json\/wp\/v2\/types\/post"}],"author":[{"embeddable":true,"href":"https:\/\/blogdoedvaldomagalhaes.com.br\/index.php\/wp-json\/wp\/v2\/users\/1"}],"replies":[{"embeddable":true,"href":"https:\/\/blogdoedvaldomagalhaes.com.br\/index.php\/wp-json\/wp\/v2\/comments?post=98456"}],"version-history":[{"count":1,"href":"https:\/\/blogdoedvaldomagalhaes.com.br\/index.php\/wp-json\/wp\/v2\/posts\/98456\/revisions"}],"predecessor-version":[{"id":98458,"href":"https:\/\/blogdoedvaldomagalhaes.com.br\/index.php\/wp-json\/wp\/v2\/posts\/98456\/revisions\/98458"}],"wp:featuredmedia":[{"embeddable":true,"href":"https:\/\/blogdoedvaldomagalhaes.com.br\/index.php\/wp-json\/wp\/v2\/media\/98457"}],"wp:attachment":[{"href":"https:\/\/blogdoedvaldomagalhaes.com.br\/index.php\/wp-json\/wp\/v2\/media?parent=98456"}],"wp:term":[{"taxonomy":"category","embeddable":true,"href":"https:\/\/blogdoedvaldomagalhaes.com.br\/index.php\/wp-json\/wp\/v2\/categories?post=98456"},{"taxonomy":"post_tag","embeddable":true,"href":"https:\/\/blogdoedvaldomagalhaes.com.br\/index.php\/wp-json\/wp\/v2\/tags?post=98456"}],"curies":[{"name":"wp","href":"https:\/\/api.w.org\/{rel}","templated":true}]}}