{"id":98453,"date":"2023-07-10T17:19:08","date_gmt":"2023-07-10T20:19:08","guid":{"rendered":"https:\/\/blogdoedvaldomagalhaes.com.br\/?p=98453"},"modified":"2023-07-10T17:19:09","modified_gmt":"2023-07-10T20:19:09","slug":"com-apoio-da-cavalaria-da-pm-anderson-correia-resgata-animal-em-situacao-de-maus-tratos","status":"publish","type":"post","link":"https:\/\/blogdoedvaldomagalhaes.com.br\/index.php\/2023\/07\/10\/com-apoio-da-cavalaria-da-pm-anderson-correia-resgata-animal-em-situacao-de-maus-tratos\/","title":{"rendered":"Com apoio da Cavalaria da PM, Anderson Correia resgata animal em situa\u00e7\u00e3o de maus-tratos"},"content":{"rendered":"<p style=\"text-align: justify;\"><span style=\"color: initial; font-size: revert;\">O vereador e defensor dos animais, Anderson Correia (PP), realizou um resgate de um cachorro em situa\u00e7\u00e3o de maus-tratos, na tarde desta segunda-feira (10), no bairro Jos\u00e9 Carlos de Oliveira, em Caruaru, ap\u00f3s den\u00fancias de vizinhos e pessoas que passavam no local, que presenciavam o sofrimento do pet. Segundo informa\u00e7\u00f5es obtidas na den\u00fancia, o animal estava preso em uma resid\u00eancia h\u00e1 mais de uma semana se ter cuidados de nenhuma pessoa, uivando com frequ\u00eancia, precisando de socorro.<\/span><\/p>\n<p style=\"text-align: justify;\">Ao receber a den\u00fancia, o vereador Anderson Correia foi at\u00e9 o local com sua equipe, juntamente com o apoio da Cavalaria da Pol\u00edcia Militar, comandada pelo Tenente Isaky Borges, onde fizeram a dilig\u00eancia, soltaram o animal, que recebeu os primeiros cuidados de uma m\u00e9dica veterin\u00e1ria e, em seguida, foi levada para a AME, onde ser\u00e1 cuidado e colocado para ado\u00e7\u00e3o. Ap\u00f3s a a\u00e7\u00e3o, Anderson agradeceu a parceria da PM em mais um resgate, que salvou a vida do animal.<\/p>\n<p style=\"text-align: justify;\">\u201cSou extremamente grato a todos que fazem a Cavalaria da Pol\u00edcia Militar de Pernambuco, na pessoa do meu amigo Tenente Isaky Borges, por nos ajudar a salvar mais uma vida que estava clamando por socorro em situa\u00e7\u00e3o de maus-tratos. Agora \u00e9 vida nova para este cachorro, que em breve estar\u00e1 com uma fam\u00edlia que possa cuidar dele de verdade e receber muito amor em troca. N\u00e3o podemos tolerar casos assim, estamos atentos para coibir e tomar todas as medidas necess\u00e1rias, como essa em que a pessoa perdeu a guarda do animal\u201d, destacou o Anderson.<\/p>\n<p style=\"text-align: justify;\">Foto: Divulga\u00e7\u00e3o.<\/p>\n<p style=\"text-align: justify;\">Se inscreva no canal do Blog no You Tube<\/p>\n<p style=\"text-align: justify;\">Siga o Instagram do Blog @blogdoedvaldomagalhaes<\/p>\n","protected":false},"excerpt":{"rendered":"<p>O vereador e defensor dos animais, Anderson Correia (PP), realizou um resgate de um cachorro em situa\u00e7\u00e3o de maus-tratos, na&hellip;<\/p>\n","protected":false},"author":1,"featured_media":98454,"comment_status":"closed","ping_status":"open","sticky":false,"template":"","format":"standard","meta":{"footnotes":""},"categories":[14122],"tags":[2,19532,3406,28012],"class_list":["post-98453","post","type-post","status-publish","format-standard","has-post-thumbnail","hentry","category-politica","tag-blog-do-edvaldo-magalhaes","tag-blog-mais-acessado-e-visualizado-de-caruaru-e-regiao","tag-caruaru","tag-com-apoio-da-cavalaria-da-pm-anderson-correia-resgata-animal-em-situacao-de-maus-tratos"],"_links":{"self":[{"href":"https:\/\/blogdoedvaldomagalhaes.com.br\/index.php\/wp-json\/wp\/v2\/posts\/98453","targetHints":{"allow":["GET"]}}],"collection":[{"href":"https:\/\/blogdoedvaldomagalhaes.com.br\/index.php\/wp-json\/wp\/v2\/posts"}],"about":[{"href":"https:\/\/blogdoedvaldomagalhaes.com.br\/index.php\/wp-json\/wp\/v2\/types\/post"}],"author":[{"embeddable":true,"href":"https:\/\/blogdoedvaldomagalhaes.com.br\/index.php\/wp-json\/wp\/v2\/users\/1"}],"replies":[{"embeddable":true,"href":"https:\/\/blogdoedvaldomagalhaes.com.br\/index.php\/wp-json\/wp\/v2\/comments?post=98453"}],"version-history":[{"count":1,"href":"https:\/\/blogdoedvaldomagalhaes.com.br\/index.php\/wp-json\/wp\/v2\/posts\/98453\/revisions"}],"predecessor-version":[{"id":98455,"href":"https:\/\/blogdoedvaldomagalhaes.com.br\/index.php\/wp-json\/wp\/v2\/posts\/98453\/revisions\/98455"}],"wp:featuredmedia":[{"embeddable":true,"href":"https:\/\/blogdoedvaldomagalhaes.com.br\/index.php\/wp-json\/wp\/v2\/media\/98454"}],"wp:attachment":[{"href":"https:\/\/blogdoedvaldomagalhaes.com.br\/index.php\/wp-json\/wp\/v2\/media?parent=98453"}],"wp:term":[{"taxonomy":"category","embeddable":true,"href":"https:\/\/blogdoedvaldomagalhaes.com.br\/index.php\/wp-json\/wp\/v2\/categories?post=98453"},{"taxonomy":"post_tag","embeddable":true,"href":"https:\/\/blogdoedvaldomagalhaes.com.br\/index.php\/wp-json\/wp\/v2\/tags?post=98453"}],"curies":[{"name":"wp","href":"https:\/\/api.w.org\/{rel}","templated":true}]}}