{"id":98449,"date":"2023-07-10T17:08:56","date_gmt":"2023-07-10T20:08:56","guid":{"rendered":"https:\/\/blogdoedvaldomagalhaes.com.br\/?p=98449"},"modified":"2023-07-10T17:08:57","modified_gmt":"2023-07-10T20:08:57","slug":"agrestina-mantem-tradicao-e-leva-seu-artesanato-para-23-edicao-da-fenearte","status":"publish","type":"post","link":"https:\/\/blogdoedvaldomagalhaes.com.br\/index.php\/2023\/07\/10\/agrestina-mantem-tradicao-e-leva-seu-artesanato-para-23-edicao-da-fenearte\/","title":{"rendered":"Agrestina mant\u00e9m tradi\u00e7\u00e3o e leva seu artesanato para 23\u00b0 Edi\u00e7\u00e3o da Fenearte"},"content":{"rendered":"<p style=\"text-align: justify;\"><span style=\"color: initial; font-size: revert;\">A Prefeitura de Agrestina leva, mais uma vez, o artesanato agrestinense para a Feira Nacional de Neg\u00f3cios do Artesanato (Fenearte), uma importante vitrine de oportunidades e neg\u00f3cios que acontece de 05 a 16 de julho, no Centro de Conven\u00e7\u00f5es de Pernambuco, em Olinda. Cerca de 10 artes\u00e3os est\u00e3o comercializando seus produtos no estande de Agrestina (n\u00b0 380), localizado na Rua 15.<\/span><\/p>\n<p style=\"text-align: justify;\">A Fenearte, que \u00e9 um orgulho e patrim\u00f4nio do povo pernambucano, chegou a sua 23\u00b0 edi\u00e7\u00e3o neste ano de 2023. Destes 23 anos de realiza\u00e7\u00e3o, Agrestina, terra de fortes identidades culturais como o chocalho, o alfenim e a mazuca, est\u00e1 presente h\u00e1 21 anos. A participa\u00e7\u00e3o do munic\u00edpio na Fenearte j\u00e1 se tornou uma tradi\u00e7\u00e3o.<\/p>\n<p style=\"text-align: justify;\">Este ano, a 23\u00b0 Fenearte traz como Tema: Loiceiros de Pernambuco &#8211; Arte da Terra, Poesia das M\u00e3os, que homenageia os mestres que preservam a arte das loi\u00e7as, um of\u00edcio que transforma barro em panelas e utens\u00edlios, por meio do amor e da sabedoria. Com um investimento de 8 milh\u00f5es de reais, a feira recebe 5 mil expositores de Pernambuco, do Brasil e do mundo, e pretende movimentar mais de 40 milh\u00f5es de reais. A expectativa \u00e9 de que 300 mil pessoas passem pela feira, durante seus 12 dias de realiza\u00e7\u00e3o.<\/p>\n<p style=\"text-align: justify;\">No estande de Agrestina, \u00e9 poss\u00edvel encontrar pinturas em telas, produzidas por jovens de servi\u00e7os sociais municipais, pe\u00e7as e acess\u00f3rios em croch\u00ea, esculturas em ferro e r\u00e9plicas de carros antigos, ambos produzidos com materiais sustent\u00e1veis, os chocalhos produzidos na Vila de Santa Teresa, al\u00e9m dos sabores produzidos localmente, como o doce Alfenim e as cocadinhas de doce de leite, esta \u00faltima produzida em uma comunidade rural da cidade. A Secretaria de Cultura e Turismo, respons\u00e1vel pela participa\u00e7\u00e3o do munic\u00edpio na feira, espera bons neg\u00f3cios, e explica que o carro chefe do artesanato local, o chocalho e o Alfenim, \u00e9 sucesso de vendas todos os anos.<\/p>\n<p>\u201cA Fenearte \u00e9 uma vitrine n\u00e3o s\u00f3 do artesanato pernambucano, mas brasileiro e internacional, e trazer os artes\u00e3os dos munic\u00edpios do interior para expor numa feira desta magnitude \u00e9 uma oportunidade \u00fanica para os artes\u00e3os de pequenas cidades do pa\u00eds\u201d, disse o diretor de Cultura de Agrestina, Adeilson Soares.<\/p>\n<p>Se inscreva no canal do Blog no You Tube<\/p>\n<p>Siga o Instagram do Blog @blogdoedvaldomagalhaes<\/p>\n\n\n<figure class=\"wp-block-image size-large\"><img loading=\"lazy\" decoding=\"async\" width=\"1024\" height=\"682\" src=\"https:\/\/blogdoedvaldomagalhaes.com.br\/wp-content\/uploads\/2023\/07\/IMG-20230710-WA0076-1024x682.jpg\" alt=\"\" class=\"wp-image-98451\" srcset=\"https:\/\/blogdoedvaldomagalhaes.com.br\/wp-content\/uploads\/2023\/07\/IMG-20230710-WA0076-1024x682.jpg 1024w, https:\/\/blogdoedvaldomagalhaes.com.br\/wp-content\/uploads\/2023\/07\/IMG-20230710-WA0076-300x200.jpg 300w, https:\/\/blogdoedvaldomagalhaes.com.br\/wp-content\/uploads\/2023\/07\/IMG-20230710-WA0076-768x512.jpg 768w, https:\/\/blogdoedvaldomagalhaes.com.br\/wp-content\/uploads\/2023\/07\/IMG-20230710-WA0076-1536x1023.jpg 1536w, https:\/\/blogdoedvaldomagalhaes.com.br\/wp-content\/uploads\/2023\/07\/IMG-20230710-WA0076.jpg 1600w\" sizes=\"auto, (max-width: 1024px) 100vw, 1024px\" \/><figcaption class=\"wp-element-caption\">Fotos: Divulga\u00e7\u00e3o <\/figcaption><\/figure>\n","protected":false},"excerpt":{"rendered":"<p>A Prefeitura de Agrestina leva, mais uma vez, o artesanato agrestinense para a Feira Nacional de Neg\u00f3cios do Artesanato (Fenearte),&hellip;<\/p>\n","protected":false},"author":1,"featured_media":98450,"comment_status":"closed","ping_status":"open","sticky":false,"template":"","format":"standard","meta":{"footnotes":""},"categories":[14120],"tags":[28011,2,19532,3406],"class_list":["post-98449","post","type-post","status-publish","format-standard","has-post-thumbnail","hentry","category-noticias","tag-agrestina-mantem-tradicao-e-leva-seu-artesanato-para-23-edicao-da-fenearte","tag-blog-do-edvaldo-magalhaes","tag-blog-mais-acessado-e-visualizado-de-caruaru-e-regiao","tag-caruaru"],"_links":{"self":[{"href":"https:\/\/blogdoedvaldomagalhaes.com.br\/index.php\/wp-json\/wp\/v2\/posts\/98449","targetHints":{"allow":["GET"]}}],"collection":[{"href":"https:\/\/blogdoedvaldomagalhaes.com.br\/index.php\/wp-json\/wp\/v2\/posts"}],"about":[{"href":"https:\/\/blogdoedvaldomagalhaes.com.br\/index.php\/wp-json\/wp\/v2\/types\/post"}],"author":[{"embeddable":true,"href":"https:\/\/blogdoedvaldomagalhaes.com.br\/index.php\/wp-json\/wp\/v2\/users\/1"}],"replies":[{"embeddable":true,"href":"https:\/\/blogdoedvaldomagalhaes.com.br\/index.php\/wp-json\/wp\/v2\/comments?post=98449"}],"version-history":[{"count":1,"href":"https:\/\/blogdoedvaldomagalhaes.com.br\/index.php\/wp-json\/wp\/v2\/posts\/98449\/revisions"}],"predecessor-version":[{"id":98452,"href":"https:\/\/blogdoedvaldomagalhaes.com.br\/index.php\/wp-json\/wp\/v2\/posts\/98449\/revisions\/98452"}],"wp:featuredmedia":[{"embeddable":true,"href":"https:\/\/blogdoedvaldomagalhaes.com.br\/index.php\/wp-json\/wp\/v2\/media\/98450"}],"wp:attachment":[{"href":"https:\/\/blogdoedvaldomagalhaes.com.br\/index.php\/wp-json\/wp\/v2\/media?parent=98449"}],"wp:term":[{"taxonomy":"category","embeddable":true,"href":"https:\/\/blogdoedvaldomagalhaes.com.br\/index.php\/wp-json\/wp\/v2\/categories?post=98449"},{"taxonomy":"post_tag","embeddable":true,"href":"https:\/\/blogdoedvaldomagalhaes.com.br\/index.php\/wp-json\/wp\/v2\/tags?post=98449"}],"curies":[{"name":"wp","href":"https:\/\/api.w.org\/{rel}","templated":true}]}}