{"id":98446,"date":"2023-07-10T12:21:40","date_gmt":"2023-07-10T15:21:40","guid":{"rendered":"https:\/\/blogdoedvaldomagalhaes.com.br\/?p=98446"},"modified":"2023-07-10T12:21:41","modified_gmt":"2023-07-10T15:21:41","slug":"hra-realiza-mutiroes-de-cirurgia-geral-nos-fins-de-semana","status":"publish","type":"post","link":"https:\/\/blogdoedvaldomagalhaes.com.br\/index.php\/2023\/07\/10\/hra-realiza-mutiroes-de-cirurgia-geral-nos-fins-de-semana\/","title":{"rendered":"HRA realiza mutir\u00f5es de cirurgia geral nos fins de semana"},"content":{"rendered":"<p style=\"text-align: justify;\"><span style=\"color: initial; font-size: revert;\">Nesse fim de semana (8 e 9 de julho), o Hospital Regional do Agreste (HRA) reuniu as equipes de cirurgia geral para realizar mutir\u00f5es de cirurgias de h\u00e9rnia e de ves\u00edcula. A iniciativa faz parte do programa Cuida PE, uma a\u00e7\u00e3o promovida pelo Governo de Pernambuco, por meio da Secretaria Estadual de Sa\u00fade (SES), que visa reduzir a fila de espera para procedimentos cir\u00fargicos eletivos, em diversas especialidades, por todo o estado pernambucano.<\/span><\/p>\n<p style=\"text-align: justify;\">Segundo o diretor m\u00e9dico do HRA, Frank Lima, os mutir\u00f5es ser\u00e3o realizados todos os finais de semana. \u201cNosso objetivo \u00e9 tornar os mutir\u00f5es uma a\u00e7\u00e3o frequente no hospital, a fim de reduzir as filas de espera. Nos finais de semana, as equipes multiprofissionais estar\u00e3o prontas para receber os pacientes\u201d, explica.<\/p>\n<p style=\"text-align: justify;\">Para realiza\u00e7\u00e3o das cirurgias, os pacientes ser\u00e3o contatados por profissionais do HRA. \u201cN\u00e3o \u00e9 necess\u00e1rio que as pessoas que est\u00e3o nas filas de espera procurem a unidade. Nossa equipe fica encarregada de entrar em contato para a marca\u00e7\u00e3o do procedimento\u201d, ressalta Dr. Frank.<\/p>\n<p>Foto: Divulga\u00e7\u00e3o.<\/p>\n<p style=\"text-align: justify;\">Se inscreva no canal do Blog no You Tube<\/p>\n<p style=\"text-align: justify;\">Siga o Instagram do Blog @blogdoedvaldomagalhaes<\/p>\n","protected":false},"excerpt":{"rendered":"<p>Nesse fim de semana (8 e 9 de julho), o Hospital Regional do Agreste (HRA) reuniu as equipes de cirurgia&hellip;<\/p>\n","protected":false},"author":1,"featured_media":98447,"comment_status":"closed","ping_status":"open","sticky":false,"template":"","format":"standard","meta":{"footnotes":""},"categories":[14120],"tags":[2,19532,3406,28010],"class_list":["post-98446","post","type-post","status-publish","format-standard","has-post-thumbnail","hentry","category-noticias","tag-blog-do-edvaldo-magalhaes","tag-blog-mais-acessado-e-visualizado-de-caruaru-e-regiao","tag-caruaru","tag-hra-realiza-mutiroes-de-cirurgia-geral-nos-fins-de-semana"],"_links":{"self":[{"href":"https:\/\/blogdoedvaldomagalhaes.com.br\/index.php\/wp-json\/wp\/v2\/posts\/98446","targetHints":{"allow":["GET"]}}],"collection":[{"href":"https:\/\/blogdoedvaldomagalhaes.com.br\/index.php\/wp-json\/wp\/v2\/posts"}],"about":[{"href":"https:\/\/blogdoedvaldomagalhaes.com.br\/index.php\/wp-json\/wp\/v2\/types\/post"}],"author":[{"embeddable":true,"href":"https:\/\/blogdoedvaldomagalhaes.com.br\/index.php\/wp-json\/wp\/v2\/users\/1"}],"replies":[{"embeddable":true,"href":"https:\/\/blogdoedvaldomagalhaes.com.br\/index.php\/wp-json\/wp\/v2\/comments?post=98446"}],"version-history":[{"count":1,"href":"https:\/\/blogdoedvaldomagalhaes.com.br\/index.php\/wp-json\/wp\/v2\/posts\/98446\/revisions"}],"predecessor-version":[{"id":98448,"href":"https:\/\/blogdoedvaldomagalhaes.com.br\/index.php\/wp-json\/wp\/v2\/posts\/98446\/revisions\/98448"}],"wp:featuredmedia":[{"embeddable":true,"href":"https:\/\/blogdoedvaldomagalhaes.com.br\/index.php\/wp-json\/wp\/v2\/media\/98447"}],"wp:attachment":[{"href":"https:\/\/blogdoedvaldomagalhaes.com.br\/index.php\/wp-json\/wp\/v2\/media?parent=98446"}],"wp:term":[{"taxonomy":"category","embeddable":true,"href":"https:\/\/blogdoedvaldomagalhaes.com.br\/index.php\/wp-json\/wp\/v2\/categories?post=98446"},{"taxonomy":"post_tag","embeddable":true,"href":"https:\/\/blogdoedvaldomagalhaes.com.br\/index.php\/wp-json\/wp\/v2\/tags?post=98446"}],"curies":[{"name":"wp","href":"https:\/\/api.w.org\/{rel}","templated":true}]}}