{"id":98437,"date":"2023-07-10T09:11:01","date_gmt":"2023-07-10T12:11:01","guid":{"rendered":"https:\/\/blogdoedvaldomagalhaes.com.br\/?p=98437"},"modified":"2023-07-10T09:11:03","modified_gmt":"2023-07-10T12:11:03","slug":"pm-apreende-drogas-escondidas-em-buraco","status":"publish","type":"post","link":"https:\/\/blogdoedvaldomagalhaes.com.br\/index.php\/2023\/07\/10\/pm-apreende-drogas-escondidas-em-buraco\/","title":{"rendered":"PM apreende drogas escondidas em buraco"},"content":{"rendered":"<p style=\"text-align: justify;\"><span style=\"color: initial; font-size: revert;\">Com ajuda do c\u00e3o farejador Havalo, policiais militares do 2\u00ba BIEsp realizaram uma importante apreens\u00e3o de entorpecentes, s\u00e1bado (08\/07), em Petrolina. Durante patrulhamento no Residencial Palmares, uma equipe foi informada sobre homens guardando drogas num matagal pr\u00f3ximo \u00e0 pra\u00e7a da comunidade e foi fazer a checagem.<\/span><\/p>\n<p style=\"text-align: justify;\">Os dois suspeitos foram identificados, mas fugiram ao notar a aproxima\u00e7\u00e3o do efetivo. Foi feita uma varredura e o c\u00e3o localizou um buraco embaixo de uma \u00e1rvore, onde foi encontrado um saco com 12,210kg de maconha.<\/p>\n<p style=\"text-align: justify;\">Foram realizadas buscas na tentativa de localizar os envolvidos, mas sem \u00eaxito. O material foi apresentado na Delegacia de Plant\u00e3o, para que fossem adotadas as formalidades da apreens\u00e3o. Foto: Divulga\u00e7\u00e3o\/PMPE.<\/p>\n<p style=\"text-align: justify;\">Se inscreva no canal do Blog no You Tube<\/p>\n<p style=\"text-align: justify;\">Siga o Instagram do Blog @blogdoedvaldomagalhaes<\/p>\n","protected":false},"excerpt":{"rendered":"<p>Com ajuda do c\u00e3o farejador Havalo, policiais militares do 2\u00ba BIEsp realizaram uma importante apreens\u00e3o de entorpecentes, s\u00e1bado (08\/07), em&hellip;<\/p>\n","protected":false},"author":1,"featured_media":98438,"comment_status":"closed","ping_status":"open","sticky":false,"template":"","format":"standard","meta":{"footnotes":""},"categories":[14121],"tags":[2,19532,3406,28006],"class_list":["post-98437","post","type-post","status-publish","format-standard","has-post-thumbnail","hentry","category-policial","tag-blog-do-edvaldo-magalhaes","tag-blog-mais-acessado-e-visualizado-de-caruaru-e-regiao","tag-caruaru","tag-pm-apreende-drogas-escondidas-em-buraco"],"_links":{"self":[{"href":"https:\/\/blogdoedvaldomagalhaes.com.br\/index.php\/wp-json\/wp\/v2\/posts\/98437","targetHints":{"allow":["GET"]}}],"collection":[{"href":"https:\/\/blogdoedvaldomagalhaes.com.br\/index.php\/wp-json\/wp\/v2\/posts"}],"about":[{"href":"https:\/\/blogdoedvaldomagalhaes.com.br\/index.php\/wp-json\/wp\/v2\/types\/post"}],"author":[{"embeddable":true,"href":"https:\/\/blogdoedvaldomagalhaes.com.br\/index.php\/wp-json\/wp\/v2\/users\/1"}],"replies":[{"embeddable":true,"href":"https:\/\/blogdoedvaldomagalhaes.com.br\/index.php\/wp-json\/wp\/v2\/comments?post=98437"}],"version-history":[{"count":1,"href":"https:\/\/blogdoedvaldomagalhaes.com.br\/index.php\/wp-json\/wp\/v2\/posts\/98437\/revisions"}],"predecessor-version":[{"id":98439,"href":"https:\/\/blogdoedvaldomagalhaes.com.br\/index.php\/wp-json\/wp\/v2\/posts\/98437\/revisions\/98439"}],"wp:featuredmedia":[{"embeddable":true,"href":"https:\/\/blogdoedvaldomagalhaes.com.br\/index.php\/wp-json\/wp\/v2\/media\/98438"}],"wp:attachment":[{"href":"https:\/\/blogdoedvaldomagalhaes.com.br\/index.php\/wp-json\/wp\/v2\/media?parent=98437"}],"wp:term":[{"taxonomy":"category","embeddable":true,"href":"https:\/\/blogdoedvaldomagalhaes.com.br\/index.php\/wp-json\/wp\/v2\/categories?post=98437"},{"taxonomy":"post_tag","embeddable":true,"href":"https:\/\/blogdoedvaldomagalhaes.com.br\/index.php\/wp-json\/wp\/v2\/tags?post=98437"}],"curies":[{"name":"wp","href":"https:\/\/api.w.org\/{rel}","templated":true}]}}