{"id":98424,"date":"2023-07-10T08:45:04","date_gmt":"2023-07-10T11:45:04","guid":{"rendered":"https:\/\/blogdoedvaldomagalhaes.com.br\/?p=98424"},"modified":"2023-07-10T08:58:52","modified_gmt":"2023-07-10T11:58:52","slug":"morre-no-hospital-uma-das-vitimas-do-envenenamento-em-jupi","status":"publish","type":"post","link":"https:\/\/blogdoedvaldomagalhaes.com.br\/index.php\/2023\/07\/10\/morre-no-hospital-uma-das-vitimas-do-envenenamento-em-jupi\/","title":{"rendered":"Morre no hospital uma das v\u00edtimas do envenenamento em Jupi"},"content":{"rendered":"<p style=\"text-align: justify;\"><span style=\"font-size: revert;\">Morreu nesse domingo (09), no Hospital Dom Moura, em Garanhuns, no Agreste Meridional de Pernambuco, uma das v\u00edtimas do envenenamento ocorrido no s\u00edtio Mata do Ro\u00e7adinho, na zona rural de Jupi, na semana passada. Juceli de Andrade Pereira, de 23 anos consumiu um iogurte misturado com veneno de rato que foi dado pela pr\u00f3pria irm\u00e3.<\/span><\/p>\n<p style=\"text-align: justify;\">Os outros dois irm\u00e3os, de 27 e 31 anos, est\u00e3o em leitos de UTI do Hospital Perp\u00e9tuo Socorro. Os pacientes est\u00e3o contando com o aux\u00edlio de ventila\u00e7\u00e3o mec\u00e2nica e um deles apresenta quadro febril de dif\u00edcil controle.<\/p>\n<p style=\"text-align: justify;\"><strong>Entenda<\/strong><\/p>\n<p style=\"text-align: justify;\">A Pol\u00edcia Civil informou que a suspeita de 29 anos de idade, foi presa em flagrante, s<span style=\"font-size: revert; color: initial;\">endo autuada pela tentativa de homic\u00eddio dos tr\u00eas irm\u00e3os ap\u00f3s ela mesma consumir e tamb\u00e9m dar para as v\u00edtimas iogurte misturado com veneno de rato.<\/span><\/p>\n<p style=\"text-align: justify;\">Foto: Divulga\u00e7\u00e3o.<\/p>\n<p style=\"text-align: justify;\">Se inscreva no canal do Blog no You Tube<\/p>\n<p style=\"text-align: justify;\">Siga o Instagram do Blog @blogdoedvaldomagalhaes<\/p>\n","protected":false},"excerpt":{"rendered":"<p>Morreu nesse domingo (09), no Hospital Dom Moura, em Garanhuns, no Agreste Meridional de Pernambuco, uma das v\u00edtimas do envenenamento&hellip;<\/p>\n","protected":false},"author":1,"featured_media":98425,"comment_status":"closed","ping_status":"open","sticky":false,"template":"","format":"standard","meta":{"footnotes":""},"categories":[14120],"tags":[2,19532,3406,28005],"class_list":["post-98424","post","type-post","status-publish","format-standard","has-post-thumbnail","hentry","category-noticias","tag-blog-do-edvaldo-magalhaes","tag-blog-mais-acessado-e-visualizado-de-caruaru-e-regiao","tag-caruaru","tag-morre-no-hospital-uma-das-vitimas-do-envenenamento-em-jupi"],"_links":{"self":[{"href":"https:\/\/blogdoedvaldomagalhaes.com.br\/index.php\/wp-json\/wp\/v2\/posts\/98424","targetHints":{"allow":["GET"]}}],"collection":[{"href":"https:\/\/blogdoedvaldomagalhaes.com.br\/index.php\/wp-json\/wp\/v2\/posts"}],"about":[{"href":"https:\/\/blogdoedvaldomagalhaes.com.br\/index.php\/wp-json\/wp\/v2\/types\/post"}],"author":[{"embeddable":true,"href":"https:\/\/blogdoedvaldomagalhaes.com.br\/index.php\/wp-json\/wp\/v2\/users\/1"}],"replies":[{"embeddable":true,"href":"https:\/\/blogdoedvaldomagalhaes.com.br\/index.php\/wp-json\/wp\/v2\/comments?post=98424"}],"version-history":[{"count":8,"href":"https:\/\/blogdoedvaldomagalhaes.com.br\/index.php\/wp-json\/wp\/v2\/posts\/98424\/revisions"}],"predecessor-version":[{"id":98436,"href":"https:\/\/blogdoedvaldomagalhaes.com.br\/index.php\/wp-json\/wp\/v2\/posts\/98424\/revisions\/98436"}],"wp:featuredmedia":[{"embeddable":true,"href":"https:\/\/blogdoedvaldomagalhaes.com.br\/index.php\/wp-json\/wp\/v2\/media\/98425"}],"wp:attachment":[{"href":"https:\/\/blogdoedvaldomagalhaes.com.br\/index.php\/wp-json\/wp\/v2\/media?parent=98424"}],"wp:term":[{"taxonomy":"category","embeddable":true,"href":"https:\/\/blogdoedvaldomagalhaes.com.br\/index.php\/wp-json\/wp\/v2\/categories?post=98424"},{"taxonomy":"post_tag","embeddable":true,"href":"https:\/\/blogdoedvaldomagalhaes.com.br\/index.php\/wp-json\/wp\/v2\/tags?post=98424"}],"curies":[{"name":"wp","href":"https:\/\/api.w.org\/{rel}","templated":true}]}}