{"id":98419,"date":"2023-07-09T21:37:01","date_gmt":"2023-07-10T00:37:01","guid":{"rendered":"https:\/\/blogdoedvaldomagalhaes.com.br\/?p=98419"},"modified":"2023-07-09T21:52:45","modified_gmt":"2023-07-10T00:52:45","slug":"falso-medico-e-preso-em-caruaru-apos-obito-de-paciente","status":"publish","type":"post","link":"https:\/\/blogdoedvaldomagalhaes.com.br\/index.php\/2023\/07\/09\/falso-medico-e-preso-em-caruaru-apos-obito-de-paciente\/","title":{"rendered":"Falso m\u00e9dico \u00e9 preso em Caruaru ap\u00f3s \u00f3bito de paciente"},"content":{"rendered":"<p style=\"text-align: justify;\">Um falso m\u00e9dico que chegou em uma UTI M\u00f3vel da cidade de Jatob\u00e1, no Sert\u00e3o de Pernambuco, com uma paciente em \u00f3bito foi preso nesse s\u00e1bado (08), no Hospital Mestre Vitalino (HMV), em Caruaru. A diretora m\u00e9dica acionou o 1\u00b0 BIEsp, que solicitou o registro no Conselho Regional de Medicina (CRM), mas, o acusado apresentou apenas uma carteira de enfermeiro do estado da Bahia.<\/p>\n<p style=\"text-align: justify;\">De acordo com o Conselho Regional de Medicina de Pernambuco (Cremepe), o<span style=\"font-size: revert; color: initial;\"> suspeito afirmou que fez medicina no Paraguai, por\u00e9m, n\u00e3o tem o Revalida, e atua como m\u00e9dico em um posto de sa\u00fade em Jatob\u00e1, e que j\u00e1 fez v\u00e1rios transportes de pacientes.<\/span><\/p>\n","protected":false},"excerpt":{"rendered":"<p>Um falso m\u00e9dico que chegou em uma UTI M\u00f3vel da cidade de Jatob\u00e1, no Sert\u00e3o de Pernambuco, com uma paciente&hellip;<\/p>\n","protected":false},"author":1,"featured_media":98423,"comment_status":"closed","ping_status":"open","sticky":false,"template":"","format":"standard","meta":{"footnotes":""},"categories":[14120],"tags":[2,19532,3406,28004],"class_list":["post-98419","post","type-post","status-publish","format-standard","has-post-thumbnail","hentry","category-noticias","tag-blog-do-edvaldo-magalhaes","tag-blog-mais-acessado-e-visualizado-de-caruaru-e-regiao","tag-caruaru","tag-falso-medico-e-preso-em-caruaru-apos-obito-de-paciente"],"_links":{"self":[{"href":"https:\/\/blogdoedvaldomagalhaes.com.br\/index.php\/wp-json\/wp\/v2\/posts\/98419","targetHints":{"allow":["GET"]}}],"collection":[{"href":"https:\/\/blogdoedvaldomagalhaes.com.br\/index.php\/wp-json\/wp\/v2\/posts"}],"about":[{"href":"https:\/\/blogdoedvaldomagalhaes.com.br\/index.php\/wp-json\/wp\/v2\/types\/post"}],"author":[{"embeddable":true,"href":"https:\/\/blogdoedvaldomagalhaes.com.br\/index.php\/wp-json\/wp\/v2\/users\/1"}],"replies":[{"embeddable":true,"href":"https:\/\/blogdoedvaldomagalhaes.com.br\/index.php\/wp-json\/wp\/v2\/comments?post=98419"}],"version-history":[{"count":2,"href":"https:\/\/blogdoedvaldomagalhaes.com.br\/index.php\/wp-json\/wp\/v2\/posts\/98419\/revisions"}],"predecessor-version":[{"id":98422,"href":"https:\/\/blogdoedvaldomagalhaes.com.br\/index.php\/wp-json\/wp\/v2\/posts\/98419\/revisions\/98422"}],"wp:featuredmedia":[{"embeddable":true,"href":"https:\/\/blogdoedvaldomagalhaes.com.br\/index.php\/wp-json\/wp\/v2\/media\/98423"}],"wp:attachment":[{"href":"https:\/\/blogdoedvaldomagalhaes.com.br\/index.php\/wp-json\/wp\/v2\/media?parent=98419"}],"wp:term":[{"taxonomy":"category","embeddable":true,"href":"https:\/\/blogdoedvaldomagalhaes.com.br\/index.php\/wp-json\/wp\/v2\/categories?post=98419"},{"taxonomy":"post_tag","embeddable":true,"href":"https:\/\/blogdoedvaldomagalhaes.com.br\/index.php\/wp-json\/wp\/v2\/tags?post=98419"}],"curies":[{"name":"wp","href":"https:\/\/api.w.org\/{rel}","templated":true}]}}