{"id":98416,"date":"2023-07-09T14:05:32","date_gmt":"2023-07-09T17:05:32","guid":{"rendered":"https:\/\/blogdoedvaldomagalhaes.com.br\/?p=98416"},"modified":"2023-07-09T14:05:33","modified_gmt":"2023-07-09T17:05:33","slug":"governadora-raquel-lyra-decreta-emergencia-em-12-municipios-da-mata-sul-afetados-pelas-chuvas","status":"publish","type":"post","link":"https:\/\/blogdoedvaldomagalhaes.com.br\/index.php\/2023\/07\/09\/governadora-raquel-lyra-decreta-emergencia-em-12-municipios-da-mata-sul-afetados-pelas-chuvas\/","title":{"rendered":"Governadora Raquel Lyra decreta emerg\u00eancia em 12 munic\u00edpios da Mata Sul, afetados pelas chuvas"},"content":{"rendered":"<p style=\"text-align: justify;\">Ajuda priorit\u00e1ria!<\/p>\n<p style=\"text-align: justify;\">Em aten\u00e7\u00e3o e apoio \u00e0 popula\u00e7\u00e3o afetada com o volume de chuvas em Pernambuco nos \u00faltimos dias, o Governo do Estado decretou situa\u00e7\u00e3o de emerg\u00eancia em 12 munic\u00edpios, todos situados na Mata Sul. No s\u00e1bado (8), em edi\u00e7\u00e3o extra do Di\u00e1rio Oficial, o Governo publicou o decreto da declara\u00e7\u00e3o (n\u00ba 54.993), v\u00e1lido por 60 dias, para refor\u00e7ar as a\u00e7\u00f5es nos munic\u00edpios.<\/p>\n<p style=\"text-align: justify;\">Al\u00e9m disso, um centro de apoio para ofertar servi\u00e7os sociais \u00e0s pessoas impactadas com as chuvas ser\u00e1 instalado no munic\u00edpio de Catende. A a\u00e7\u00e3o integrar\u00e1 Defesa Civil, Compesa e \u00f3rg\u00e3os de sa\u00fade, assist\u00eancia social e cidadania.<\/p>\n<p style=\"text-align: justify;\">Entre as a\u00e7\u00f5es emergenciais coordenadas pela administra\u00e7\u00e3o estadual para aux\u00edlio \u00e0 popula\u00e7\u00e3o atingida pelas chuvas, destacam-se a viabiliza\u00e7\u00e3o de entrega de cestas b\u00e1sicas, colch\u00f5es e \u00e1gua mineral; a desobstru\u00e7\u00e3o de estradas e a oferta de carros-pipa para os munic\u00edpios realizarem a limpeza, por exemplo.<\/p>\n<p style=\"text-align: justify;\">Em contato com equipes do Governo Federal desde sexta-feira (7), a governadora Raquel Lyra e a vice-governadora Priscila Krause est\u00e3o solicitando apoio para envio de mantimentos e produtos de primeira necessidade. As gestoras j\u00e1 se comunicaram com os minist\u00e9rios da Integra\u00e7\u00e3o e Desenvolvimento Regional, da Defesa e do Desenvolvimento e Assist\u00eancia Social, Fam\u00edlia e Combate \u00e0 Fome para ajudar a viabilizar os itens aos habitantes das cidades afetadas.<\/p>\n<p style=\"text-align: justify;\">A situa\u00e7\u00e3o de emerg\u00eancia est\u00e1 estabelecida nos seguintes munic\u00edpios: S\u00e3o Benedito do Sul, Bel\u00e9m de Maria, \u00c1gua Preta, Catende, Quipap\u00e1, Xex\u00e9u, Barreiros, Joaquim Nabuco, Cort\u00eas, Jaqueira, Rio Formoso e Maraial. Para decretar a situa\u00e7\u00e3o, o governo levou em considera\u00e7\u00e3o relevantes condi\u00e7\u00f5es, como a preserva\u00e7\u00e3o do bem-estar da popula\u00e7\u00e3o e das atividades socioecon\u00f4micas das regi\u00f5es atingidas, e o fato dos habitantes dos munic\u00edpios afetados ainda n\u00e3o terem condi\u00e7\u00f5es satisfat\u00f3rias de superar os danos e preju\u00edzos provocados.<\/p>\n<p style=\"text-align: justify;\">#chuvas #GovernoPE #Pernambuco #EstadoDeMudan\u00e7a<\/p>\n<p style=\"text-align: justify;\">#ParaTodosVerem Arte gr\u00e1fica com o texto &#8220;Situa\u00e7\u00e3o de emerg\u00eancia &#8211; Decretado emerg\u00eancia em 12 munic\u00edpios da Mata Sul afetados pelas chuvas para ampliar medidas de apoio&#8221;.<\/p>\n<p>&nbsp;Siga o Instagram do Blog @blogdoedvaldomagalhaes<\/p>\n<p>Sr inscreva no canal do Blog no You Tube<\/p>\n","protected":false},"excerpt":{"rendered":"<p>Ajuda priorit\u00e1ria! Em aten\u00e7\u00e3o e apoio \u00e0 popula\u00e7\u00e3o afetada com o volume de chuvas em Pernambuco nos \u00faltimos dias, o&hellip;<\/p>\n","protected":false},"author":1,"featured_media":98417,"comment_status":"closed","ping_status":"open","sticky":false,"template":"","format":"standard","meta":{"footnotes":""},"categories":[14120],"tags":[2,19418,3406,28003],"class_list":["post-98416","post","type-post","status-publish","format-standard","has-post-thumbnail","hentry","category-noticias","tag-blog-do-edvaldo-magalhaes","tag-blog-mais-acessado-de-caruaru-e-regiao","tag-caruaru","tag-governadora-raquel-lyra-decreta-emergencia-em-12-municipios-da-mata-sul-afetados-pelas-chuvas"],"_links":{"self":[{"href":"https:\/\/blogdoedvaldomagalhaes.com.br\/index.php\/wp-json\/wp\/v2\/posts\/98416","targetHints":{"allow":["GET"]}}],"collection":[{"href":"https:\/\/blogdoedvaldomagalhaes.com.br\/index.php\/wp-json\/wp\/v2\/posts"}],"about":[{"href":"https:\/\/blogdoedvaldomagalhaes.com.br\/index.php\/wp-json\/wp\/v2\/types\/post"}],"author":[{"embeddable":true,"href":"https:\/\/blogdoedvaldomagalhaes.com.br\/index.php\/wp-json\/wp\/v2\/users\/1"}],"replies":[{"embeddable":true,"href":"https:\/\/blogdoedvaldomagalhaes.com.br\/index.php\/wp-json\/wp\/v2\/comments?post=98416"}],"version-history":[{"count":1,"href":"https:\/\/blogdoedvaldomagalhaes.com.br\/index.php\/wp-json\/wp\/v2\/posts\/98416\/revisions"}],"predecessor-version":[{"id":98418,"href":"https:\/\/blogdoedvaldomagalhaes.com.br\/index.php\/wp-json\/wp\/v2\/posts\/98416\/revisions\/98418"}],"wp:featuredmedia":[{"embeddable":true,"href":"https:\/\/blogdoedvaldomagalhaes.com.br\/index.php\/wp-json\/wp\/v2\/media\/98417"}],"wp:attachment":[{"href":"https:\/\/blogdoedvaldomagalhaes.com.br\/index.php\/wp-json\/wp\/v2\/media?parent=98416"}],"wp:term":[{"taxonomy":"category","embeddable":true,"href":"https:\/\/blogdoedvaldomagalhaes.com.br\/index.php\/wp-json\/wp\/v2\/categories?post=98416"},{"taxonomy":"post_tag","embeddable":true,"href":"https:\/\/blogdoedvaldomagalhaes.com.br\/index.php\/wp-json\/wp\/v2\/tags?post=98416"}],"curies":[{"name":"wp","href":"https:\/\/api.w.org\/{rel}","templated":true}]}}