{"id":98413,"date":"2023-07-09T12:58:45","date_gmt":"2023-07-09T15:58:45","guid":{"rendered":"https:\/\/blogdoedvaldomagalhaes.com.br\/?p=98413"},"modified":"2023-07-09T12:58:46","modified_gmt":"2023-07-09T15:58:46","slug":"equipes-do-hospital-albert-einstein-e-ministerio-da-saude-visitam-caruaru-para-pratica-de-projeto-com-cta-municipal","status":"publish","type":"post","link":"https:\/\/blogdoedvaldomagalhaes.com.br\/index.php\/2023\/07\/09\/equipes-do-hospital-albert-einstein-e-ministerio-da-saude-visitam-caruaru-para-pratica-de-projeto-com-cta-municipal\/","title":{"rendered":"Equipes do Hospital Albert Einstein e Minist\u00e9rio da Sa\u00fade visitam Caruaru para pr\u00e1tica de projeto com CTA municipal"},"content":{"rendered":"<p style=\"text-align: justify;\"><span style=\"color: initial; font-size: revert;\">Representantes do Hospital Israelita Albert Einstein\/S\u00e3o Paulo, e do Minist\u00e9rio da Sa\u00fade (DATHI \/ SVSA \/ MS) estiveram esta semana, em Caruaru, para colocar em pr\u00e1tica a segunda etapa do projeto \u201cRede de Preven\u00e7\u00e3o e Cuidado Integral de Doen\u00e7as de Condi\u00e7\u00f5es Cr\u00f4nicas e Infec\u00e7\u00f5es Sexualmente Transmiss\u00edveis\u201d. A iniciativa, que teve o Centro de Testagem e Aconselhamento (CTA) de Caruaru como \u00fanico selecionado de Pernambuco, est\u00e1 sendo desenvolvida atrav\u00e9s do Proadi-SUS (Programa de Apoio ao Desenvolvimento Institucional do Sistema \u00danico de Sa\u00fade) e visa a amplia\u00e7\u00e3o da carta de servi\u00e7os do CTA para a popula\u00e7\u00e3o de maior vulnerabilidade ao HIV\/Aids, IST, hepatites virais e tuberculose, sob a l\u00f3gica da preven\u00e7\u00e3o combinada.<\/span><\/p>\n<p style=\"text-align: justify;\">Foram tr\u00eas dias de atividades, entre os dias tr\u00eas e cinco de julho. No primeiro, os representantes do MS e do hospital israelita estiveram na sede do CTA Caruaru para conhecer o servi\u00e7o de perto. Os outros dois dias foram reservados para a elabora\u00e7\u00e3o do plano de a\u00e7\u00e3o e reestrutura\u00e7\u00e3o de melhorias que ser\u00e3o implantadas no servi\u00e7o do munic\u00edpio. Nesses momentos, estiveram presentes representantes da Fiocruz Bras\u00edlia, da IV Geres, do programa estadual, al\u00e9m do conjunto de profissionais que representam o munic\u00edpio, pela Secretaria Municipal de Sa\u00fade de Caruaru (SMS).<\/p>\n<p style=\"text-align: justify;\">\u201cO mais novo parceiro neste cen\u00e1rio est\u00e1 sendo o Lacen-PE, que em sua nova gest\u00e3o est\u00e1 ampliando os di\u00e1logos necess\u00e1rios com as unidades do CTA e o Servi\u00e7o da Aten\u00e7\u00e3o Especializada (SAE)\u201d, destacou a gerente do CTA Caruaru, Ingra Leite, que tamb\u00e9m acrescentou: \u201cFoi muito importante o servi\u00e7o do munic\u00edpio de Caruaru ter sido selecionado pelo projeto, tendo em vista a possibilidade de promover a equidade e o acesso integral na rede p\u00fablica de sa\u00fade, principalmente estreitar os acessos \u00e0s popula\u00e7\u00f5es mais vulner\u00e1veis\u201d.<\/p>\n<p style=\"text-align: justify;\">O CTA de Caruaru foi um dos 14 servi\u00e7os brasileiros selecionados para participar da etapa de reestrutura\u00e7\u00e3o, sendo o \u00fanico de Pernambuco. Foram 500 servi\u00e7os inscritos de todo o Brasil. \u201cA inten\u00e7\u00e3o \u00e9 que a pactua\u00e7\u00e3o advinda de todos estes atores (servi\u00e7os de sa\u00fade, munic\u00edpio, estado e Minist\u00e9rio da Sa\u00fade) sob apoio do HIAE\/SP, avance na amplia\u00e7\u00e3o do escopo de atividades do CTA de Caruaru\u201d, enfatizou o m\u00e9dico epidemiologista do Hospital Israelita Albert Einstein \/ S\u00e3o Paulo, Dr. Cesar Augusto Inoue. \u201cGostamos muito de conhecer e trabalhar com a equipe do CTA e o programa municipal de Caruaru. S\u00e3o pessoas engajadas e comprometidas com a constru\u00e7\u00e3o do SUS. Tenho certeza de que esta parceria trar\u00e1 \u00f3timos resultados para o munic\u00edpio e usu\u00e1rios do servi\u00e7o\u201d, acrescentou o epidemiologista.<\/p>\n<p style=\"text-align: justify;\">*Proadi-SUS*<\/p>\n<p>Criado em 2009, o Proadi-SUS consiste em uma parceria entre o Minist\u00e9rio da Sa\u00fade e institui\u00e7\u00f5es de excel\u00eancia em sa\u00fade, como o Hospital Israelita Albert Einstein, que disponibiliza recursos humanos, t\u00e9cnicos e financeiros para auxiliar no desenvolvimento de projetos voltados \u00e0 melhoria do SUS.<\/p>\n<p>Por meio do Proadi-SUS, institui\u00e7\u00f5es de sa\u00fade de refer\u00eancia no Pa\u00eds colaboram com o desenvolvimento de projetos estrat\u00e9gicos para o SUS, auxiliando na elabora\u00e7\u00e3o de pol\u00edticas p\u00fablicas, na forma\u00e7\u00e3o de recursos humanos e na transfer\u00eancia de tecnologia e conhecimento.<\/p>\n<p>Al\u00e9m disso, o programa tamb\u00e9m estimula a coopera\u00e7\u00e3o t\u00e9cnica entre institui\u00e7\u00f5es de sa\u00fade, promovendo a troca de experi\u00eancias e boas pr\u00e1ticas entre os profissionais do setor. Foto: Jorge Farias.<\/p>\n<p style=\"text-align: justify;\">Se inscreva no canal do Blog no You Tube<\/p>\n<p style=\"text-align: justify;\">Siga o Instagram do Blog @blogdoedvaldomagalhaes<\/p>\n","protected":false},"excerpt":{"rendered":"<p>Representantes do Hospital Israelita Albert Einstein\/S\u00e3o Paulo, e do Minist\u00e9rio da Sa\u00fade (DATHI \/ SVSA \/ MS) estiveram esta semana,&hellip;<\/p>\n","protected":false},"author":1,"featured_media":98414,"comment_status":"closed","ping_status":"open","sticky":false,"template":"","format":"standard","meta":{"footnotes":""},"categories":[14120],"tags":[2,19532,3406,28002],"class_list":["post-98413","post","type-post","status-publish","format-standard","has-post-thumbnail","hentry","category-noticias","tag-blog-do-edvaldo-magalhaes","tag-blog-mais-acessado-e-visualizado-de-caruaru-e-regiao","tag-caruaru","tag-equipes-do-hospital-albert-einstein-e-ministerio-da-saude-visitam-caruaru-para-pratica-de-projeto-com-cta-municipal"],"_links":{"self":[{"href":"https:\/\/blogdoedvaldomagalhaes.com.br\/index.php\/wp-json\/wp\/v2\/posts\/98413","targetHints":{"allow":["GET"]}}],"collection":[{"href":"https:\/\/blogdoedvaldomagalhaes.com.br\/index.php\/wp-json\/wp\/v2\/posts"}],"about":[{"href":"https:\/\/blogdoedvaldomagalhaes.com.br\/index.php\/wp-json\/wp\/v2\/types\/post"}],"author":[{"embeddable":true,"href":"https:\/\/blogdoedvaldomagalhaes.com.br\/index.php\/wp-json\/wp\/v2\/users\/1"}],"replies":[{"embeddable":true,"href":"https:\/\/blogdoedvaldomagalhaes.com.br\/index.php\/wp-json\/wp\/v2\/comments?post=98413"}],"version-history":[{"count":1,"href":"https:\/\/blogdoedvaldomagalhaes.com.br\/index.php\/wp-json\/wp\/v2\/posts\/98413\/revisions"}],"predecessor-version":[{"id":98415,"href":"https:\/\/blogdoedvaldomagalhaes.com.br\/index.php\/wp-json\/wp\/v2\/posts\/98413\/revisions\/98415"}],"wp:featuredmedia":[{"embeddable":true,"href":"https:\/\/blogdoedvaldomagalhaes.com.br\/index.php\/wp-json\/wp\/v2\/media\/98414"}],"wp:attachment":[{"href":"https:\/\/blogdoedvaldomagalhaes.com.br\/index.php\/wp-json\/wp\/v2\/media?parent=98413"}],"wp:term":[{"taxonomy":"category","embeddable":true,"href":"https:\/\/blogdoedvaldomagalhaes.com.br\/index.php\/wp-json\/wp\/v2\/categories?post=98413"},{"taxonomy":"post_tag","embeddable":true,"href":"https:\/\/blogdoedvaldomagalhaes.com.br\/index.php\/wp-json\/wp\/v2\/tags?post=98413"}],"curies":[{"name":"wp","href":"https:\/\/api.w.org\/{rel}","templated":true}]}}