{"id":98403,"date":"2023-07-08T19:07:41","date_gmt":"2023-07-08T22:07:41","guid":{"rendered":"https:\/\/blogdoedvaldomagalhaes.com.br\/?p=98403"},"modified":"2023-07-08T21:45:17","modified_gmt":"2023-07-09T00:45:17","slug":"homem-e-morto-a-tiros-dentro-da-propria-casa-em-caruaru","status":"publish","type":"post","link":"https:\/\/blogdoedvaldomagalhaes.com.br\/index.php\/2023\/07\/08\/homem-e-morto-a-tiros-dentro-da-propria-casa-em-caruaru\/","title":{"rendered":"Homem \u00e9 morto a tiros dentro da pr\u00f3pria casa, em Caruaru"},"content":{"rendered":"<p style=\"text-align: justify;\">Um homem foi assassinado \u00a0a tiros dentro da pr\u00f3pria casa na rua Jos\u00e9 Roberto Leonel da Silva, no bairro Jos\u00e9 Carlos de Oliveira, em Caruaru, neste s\u00e1bado (08). Armando Lucas Jardim Souza, de 31 anos de idade, estava na pr\u00f3pria resid\u00eancia quando uma pessoa chegou na porta e chamou a v\u00edtima, que foi atender e sofreu um disparo de arma de fogo no pesco\u00e7o. O corpo foi encaminhado ao IML de Caruaru.<\/p>\n<p style=\"text-align: justify;\">Este foi o 4\u00b0 homic\u00eddio no m\u00eas de julho, e o 79\u00b0 no ano de 2023, em Caruaru.<\/p>\n","protected":false},"excerpt":{"rendered":"<p>Um homem foi assassinado \u00a0a tiros dentro da pr\u00f3pria casa na rua Jos\u00e9 Roberto Leonel da Silva, no bairro Jos\u00e9&hellip;<\/p>\n","protected":false},"author":1,"featured_media":98404,"comment_status":"closed","ping_status":"open","sticky":false,"template":"","format":"standard","meta":{"footnotes":""},"categories":[14121],"tags":[2,19532,3406,5448],"class_list":["post-98403","post","type-post","status-publish","format-standard","has-post-thumbnail","hentry","category-policial","tag-blog-do-edvaldo-magalhaes","tag-blog-mais-acessado-e-visualizado-de-caruaru-e-regiao","tag-caruaru","tag-homicidio"],"_links":{"self":[{"href":"https:\/\/blogdoedvaldomagalhaes.com.br\/index.php\/wp-json\/wp\/v2\/posts\/98403","targetHints":{"allow":["GET"]}}],"collection":[{"href":"https:\/\/blogdoedvaldomagalhaes.com.br\/index.php\/wp-json\/wp\/v2\/posts"}],"about":[{"href":"https:\/\/blogdoedvaldomagalhaes.com.br\/index.php\/wp-json\/wp\/v2\/types\/post"}],"author":[{"embeddable":true,"href":"https:\/\/blogdoedvaldomagalhaes.com.br\/index.php\/wp-json\/wp\/v2\/users\/1"}],"replies":[{"embeddable":true,"href":"https:\/\/blogdoedvaldomagalhaes.com.br\/index.php\/wp-json\/wp\/v2\/comments?post=98403"}],"version-history":[{"count":4,"href":"https:\/\/blogdoedvaldomagalhaes.com.br\/index.php\/wp-json\/wp\/v2\/posts\/98403\/revisions"}],"predecessor-version":[{"id":98410,"href":"https:\/\/blogdoedvaldomagalhaes.com.br\/index.php\/wp-json\/wp\/v2\/posts\/98403\/revisions\/98410"}],"wp:featuredmedia":[{"embeddable":true,"href":"https:\/\/blogdoedvaldomagalhaes.com.br\/index.php\/wp-json\/wp\/v2\/media\/98404"}],"wp:attachment":[{"href":"https:\/\/blogdoedvaldomagalhaes.com.br\/index.php\/wp-json\/wp\/v2\/media?parent=98403"}],"wp:term":[{"taxonomy":"category","embeddable":true,"href":"https:\/\/blogdoedvaldomagalhaes.com.br\/index.php\/wp-json\/wp\/v2\/categories?post=98403"},{"taxonomy":"post_tag","embeddable":true,"href":"https:\/\/blogdoedvaldomagalhaes.com.br\/index.php\/wp-json\/wp\/v2\/tags?post=98403"}],"curies":[{"name":"wp","href":"https:\/\/api.w.org\/{rel}","templated":true}]}}