{"id":98397,"date":"2023-07-08T15:43:16","date_gmt":"2023-07-08T18:43:16","guid":{"rendered":"https:\/\/blogdoedvaldomagalhaes.com.br\/?p=98397"},"modified":"2023-07-08T16:58:32","modified_gmt":"2023-07-08T19:58:32","slug":"encerradas-buscas-por-vitimas-em-predio-que-desabou-no-grande-recife","status":"publish","type":"post","link":"https:\/\/blogdoedvaldomagalhaes.com.br\/index.php\/2023\/07\/08\/encerradas-buscas-por-vitimas-em-predio-que-desabou-no-grande-recife\/","title":{"rendered":"Encerradas buscas por v\u00edtimas em pr\u00e9dio que desabou no Grande Recife"},"content":{"rendered":"<div>\n<div class=\"aT\">\n<p style=\"text-align: justify;\">O Corpo de Bombeiros encerrou na tarde deste s\u00e1bado (08), \u00e0s buscas pelas v\u00edtimas do desabamento de um pr\u00e9dio na cidade de Paulista, na Grande Recife, ocorrido\u00a0<span style=\"font-size: revert;\">na manh\u00e3 dessa sexta-feira (7), quando o bloco D7 do Conjunto Beira-Mar desabou.<\/span><\/p>\n<p style=\"text-align: justify;\"><span style=\"font-size: revert;\">Os bombeiros contaram com ajuda de c\u00e3es farejadores. De acordo com a Defesa Civil, o pr\u00e9dio estava condenado desde 2010, e\u00a0<\/span><span style=\"font-size: revert;\">estava na lista dos 100 edif\u00edcios da cidade de Paulista que est\u00e3o interditados por risco de desabamento. O trabalho de buscas por parte dos bombeiros durou cerca de 31 horas.<\/span><\/p>\n<\/div>\n<\/div>\n<p style=\"text-align: justify;\">INFORMA\u00c7\u00d5ES ATUALIZADAS \u00c0S 15h<\/p>\n<p style=\"text-align: justify;\">*AP\u00d3S CERCA DE 31 DE BUSCAS ININTERRUPTAS*:<\/p>\n<p style=\"text-align: justify;\">*Total de V\u00edtimas: 21*<\/p>\n<p style=\"text-align: justify;\">*V\u00edtimas com vida: 03*<\/p>\n<p style=\"text-align: justify;\">&#8211; Sexo feminino \u2013 65 anos &#8211; Socorrida pelo CBMPE para o Hospital Miguel Arraes;<br \/>\n&#8211; Sexo feminino \u2013 15 anos &#8211; Socorrida pelo Samu para o HR;<br \/>\n&#8211; Sexo Feminino \u2013 15 anos \u2013 Socorrida para o HMA;<\/p>\n<p style=\"text-align: justify;\">*V\u00edtimas em \u00d3bitos: 14*<\/p>\n<p style=\"text-align: justify;\">&#8211; Sexo masculino \u2013 45 anos<br \/>\n&#8211; Sexo Masculino \u2013 12 anos<br \/>\n&#8211; Sexo Feminino \u2013 43 anos<br \/>\n&#8211; *Sexo Masculino \u2013 18 anos &#8211; V\u00edtima retirada com vida pelos bombeiros e \u00f3bito constatado no HMA*<br \/>\n&#8211; Sexo Masculino \u2013 21 anos<br \/>\n&#8211; Sexo Masculino \u2013 16 anos<br \/>\n&#8211; Sexo Masculino &#8211; 8 anos<br \/>\n&#8211; Sexo Feminino &#8211; 5 anos<br \/>\n&#8211; Mulher Trans &#8211; 19 anos<br \/>\n&#8211; Sexo Masculino &#8211; 40 anos<br \/>\n&#8211; Sexo Feminino &#8211; 37 anos<br \/>\n&#8211; Sexo Feminino &#8211; 40 anos<br \/>\n-Sexo Feminino &#8211; 6 anos<br \/>\n&#8211; Sexo Masculino &#8211; 9 anos<\/p>\n<p style=\"text-align: justify;\">Obs: Dos \u00f3bitos, 13 v\u00edtimas foram encontradas sem vida e 01 foi resgatada com vida pelos bombeiros e teve \u00f3bito constatado no HMA.<\/p>\n<p style=\"text-align: justify;\">*ATEN\u00c7\u00c3O* \u2013 O Hospital Miguel Arraes (HMA\/FGH) informa que recebeu um paciente proveniente do desabamento de um pr\u00e9dio no bairro do Janga, em Paulista. Um homem, aparentando 18 anos, chegou \u00e0 unidade em parada cardiorrespirat\u00f3ria, tendo sido reanimado, sem sucesso.<\/p>\n<p style=\"text-align: justify;\">*Localizados com vida fora da Edifica\u00e7\u00e3o: 04*<br \/>\n&#8211; Sexo masculino \u2013 22 anos<br \/>\n&#8211; Sexo masculino \u2013 17 anos<br \/>\n&#8211; Sexo masculino \u2013 16 anos<br \/>\n&#8211; Sexo masculino \u2013 21 anos<\/p>\n<p>Foto: Marcos Oliveira<\/p>\n","protected":false},"excerpt":{"rendered":"<p>O Corpo de Bombeiros encerrou na tarde deste s\u00e1bado (08), \u00e0s buscas pelas v\u00edtimas do desabamento de um pr\u00e9dio na&hellip;<\/p>\n","protected":false},"author":1,"featured_media":98399,"comment_status":"closed","ping_status":"open","sticky":false,"template":"","format":"standard","meta":{"footnotes":""},"categories":[14120],"tags":[2,19532,3406,28001],"class_list":["post-98397","post","type-post","status-publish","format-standard","has-post-thumbnail","hentry","category-noticias","tag-blog-do-edvaldo-magalhaes","tag-blog-mais-acessado-e-visualizado-de-caruaru-e-regiao","tag-caruaru","tag-encerradas-buscas-por-vitimas-em-predio-que-desabou-no-grande-recife-com"],"_links":{"self":[{"href":"https:\/\/blogdoedvaldomagalhaes.com.br\/index.php\/wp-json\/wp\/v2\/posts\/98397","targetHints":{"allow":["GET"]}}],"collection":[{"href":"https:\/\/blogdoedvaldomagalhaes.com.br\/index.php\/wp-json\/wp\/v2\/posts"}],"about":[{"href":"https:\/\/blogdoedvaldomagalhaes.com.br\/index.php\/wp-json\/wp\/v2\/types\/post"}],"author":[{"embeddable":true,"href":"https:\/\/blogdoedvaldomagalhaes.com.br\/index.php\/wp-json\/wp\/v2\/users\/1"}],"replies":[{"embeddable":true,"href":"https:\/\/blogdoedvaldomagalhaes.com.br\/index.php\/wp-json\/wp\/v2\/comments?post=98397"}],"version-history":[{"count":3,"href":"https:\/\/blogdoedvaldomagalhaes.com.br\/index.php\/wp-json\/wp\/v2\/posts\/98397\/revisions"}],"predecessor-version":[{"id":98402,"href":"https:\/\/blogdoedvaldomagalhaes.com.br\/index.php\/wp-json\/wp\/v2\/posts\/98397\/revisions\/98402"}],"wp:featuredmedia":[{"embeddable":true,"href":"https:\/\/blogdoedvaldomagalhaes.com.br\/index.php\/wp-json\/wp\/v2\/media\/98399"}],"wp:attachment":[{"href":"https:\/\/blogdoedvaldomagalhaes.com.br\/index.php\/wp-json\/wp\/v2\/media?parent=98397"}],"wp:term":[{"taxonomy":"category","embeddable":true,"href":"https:\/\/blogdoedvaldomagalhaes.com.br\/index.php\/wp-json\/wp\/v2\/categories?post=98397"},{"taxonomy":"post_tag","embeddable":true,"href":"https:\/\/blogdoedvaldomagalhaes.com.br\/index.php\/wp-json\/wp\/v2\/tags?post=98397"}],"curies":[{"name":"wp","href":"https:\/\/api.w.org\/{rel}","templated":true}]}}