{"id":98394,"date":"2023-07-08T14:19:17","date_gmt":"2023-07-08T17:19:17","guid":{"rendered":"https:\/\/blogdoedvaldomagalhaes.com.br\/?p=98394"},"modified":"2023-07-08T14:19:18","modified_gmt":"2023-07-08T17:19:18","slug":"louva-caruaru-com-a-irma-kelly-patricia-neste-domingo-8","status":"publish","type":"post","link":"https:\/\/blogdoedvaldomagalhaes.com.br\/index.php\/2023\/07\/08\/louva-caruaru-com-a-irma-kelly-patricia-neste-domingo-8\/","title":{"rendered":"Louva Caruaru com a Irm\u00e3 Kelly Patr\u00edcia neste domingo (8)"},"content":{"rendered":"<p style=\"text-align: justify;\">O Louva Caruaru &#8211; primeira edi\u00e7\u00e3o, traz para a Capital do Agreste, a Irm\u00e3 Kelly Patr\u00edcia, fundadora do Instituto Hesed, que \u00e9 conhecido internacionalmente pelo seu minist\u00e9rio oracional, musical e pela propaga\u00e7\u00e3o da devo\u00e7\u00e3o a S\u00e3o Miguel Arcanjo. O Instituto tem reunido, atrav\u00e9s das Redes Sociais, em suas lives, milhares de pessoas, ganhando ainda mais destaque nos \u00faltimos anos.<\/p>\n<p style=\"text-align: justify;\">O evento que acontece neste domingo (09.07), na Arena Caruaru, contar\u00e1 com a presen\u00e7a de Ivaldo Dias e o Minist\u00e9rio de M\u00fasica Restaura\u00e7\u00e3o.<\/p>\n<p style=\"text-align: justify;\">O ticket de acesso pode ser adquirido na secretaria da Catedral de Caruaru, na Livraria Redentorista, na Avenida Rio Branco, 166, ou ainda atrav\u00e9s do site e aplicativo da Bilheteria Digital.<\/p>\n<p style=\"text-align: justify;\">A verba arrecadada ser\u00e1 revertida para a conclus\u00e3o de reforma da \u00e1rea da fachada da Catedral.<\/p>\n<p style=\"text-align: justify;\">Siga @blogdoedvaldomagalhaes<br \/>\nSe inscreva no canal do Blog no You Tube<\/p>\n","protected":false},"excerpt":{"rendered":"<p>O Louva Caruaru &#8211; primeira edi\u00e7\u00e3o, traz para a Capital do Agreste, a Irm\u00e3 Kelly Patr\u00edcia, fundadora do Instituto Hesed,&hellip;<\/p>\n","protected":false},"author":1,"featured_media":98395,"comment_status":"closed","ping_status":"open","sticky":false,"template":"","format":"standard","meta":{"footnotes":""},"categories":[14120],"tags":[2,19532,3406,28000],"class_list":["post-98394","post","type-post","status-publish","format-standard","has-post-thumbnail","hentry","category-noticias","tag-blog-do-edvaldo-magalhaes","tag-blog-mais-acessado-e-visualizado-de-caruaru-e-regiao","tag-caruaru","tag-louva-caruaru-com-a-irma-kelly-patricia-neste-domingo-8"],"_links":{"self":[{"href":"https:\/\/blogdoedvaldomagalhaes.com.br\/index.php\/wp-json\/wp\/v2\/posts\/98394","targetHints":{"allow":["GET"]}}],"collection":[{"href":"https:\/\/blogdoedvaldomagalhaes.com.br\/index.php\/wp-json\/wp\/v2\/posts"}],"about":[{"href":"https:\/\/blogdoedvaldomagalhaes.com.br\/index.php\/wp-json\/wp\/v2\/types\/post"}],"author":[{"embeddable":true,"href":"https:\/\/blogdoedvaldomagalhaes.com.br\/index.php\/wp-json\/wp\/v2\/users\/1"}],"replies":[{"embeddable":true,"href":"https:\/\/blogdoedvaldomagalhaes.com.br\/index.php\/wp-json\/wp\/v2\/comments?post=98394"}],"version-history":[{"count":1,"href":"https:\/\/blogdoedvaldomagalhaes.com.br\/index.php\/wp-json\/wp\/v2\/posts\/98394\/revisions"}],"predecessor-version":[{"id":98396,"href":"https:\/\/blogdoedvaldomagalhaes.com.br\/index.php\/wp-json\/wp\/v2\/posts\/98394\/revisions\/98396"}],"wp:featuredmedia":[{"embeddable":true,"href":"https:\/\/blogdoedvaldomagalhaes.com.br\/index.php\/wp-json\/wp\/v2\/media\/98395"}],"wp:attachment":[{"href":"https:\/\/blogdoedvaldomagalhaes.com.br\/index.php\/wp-json\/wp\/v2\/media?parent=98394"}],"wp:term":[{"taxonomy":"category","embeddable":true,"href":"https:\/\/blogdoedvaldomagalhaes.com.br\/index.php\/wp-json\/wp\/v2\/categories?post=98394"},{"taxonomy":"post_tag","embeddable":true,"href":"https:\/\/blogdoedvaldomagalhaes.com.br\/index.php\/wp-json\/wp\/v2\/tags?post=98394"}],"curies":[{"name":"wp","href":"https:\/\/api.w.org\/{rel}","templated":true}]}}