{"id":98388,"date":"2023-07-08T10:41:53","date_gmt":"2023-07-08T13:41:53","guid":{"rendered":"https:\/\/blogdoedvaldomagalhaes.com.br\/?p=98388"},"modified":"2023-07-08T10:41:54","modified_gmt":"2023-07-08T13:41:54","slug":"atriz-mirim-de-caruaru-e-premiada-em-festival-nacional-de-cinema","status":"publish","type":"post","link":"https:\/\/blogdoedvaldomagalhaes.com.br\/index.php\/2023\/07\/08\/atriz-mirim-de-caruaru-e-premiada-em-festival-nacional-de-cinema\/","title":{"rendered":"Atriz mirim de Caruaru \u00e9 premiada em festival nacional de cinema"},"content":{"rendered":"<p style=\"text-align: justify;\">A atriz mirim caruaruense <b data-removefontsize=\"true\" data-originalcomputedfontsize=\"16\">Thaylana Queiroz,<\/b> de apenas 05 anos, venceu na \u00faltima sexta (07), o pr\u00eamio de Melhor Atua\u00e7\u00e3o no <b data-removefontsize=\"true\" data-originalcomputedfontsize=\"16\">Festival Nacional de Cinema Universit\u00e1rio &#8211; Tainha Dourada<\/b>, realizado em Itaja\u00ed-SC, pelo filme &#8220;<b data-removefontsize=\"true\" data-originalcomputedfontsize=\"16\">Menina Semente<\/b>&#8221; de T\u00falio Beat.<\/p>\n<div style=\"text-align: justify;\" data-removefontsize=\"true\" data-originalcomputedfontsize=\"16\">Concorrendo com produ\u00e7\u00f5es universit\u00e1rias do Brasil inteiro, o curta-metragem caruaruense se destacou conquistando o pr\u00eamio de atua\u00e7\u00e3o com a hist\u00f3ria de uma menina ind\u00edgena que tem o poder de se transformar em semente para renascer num tempo melhor.<\/div>\n<div style=\"text-align: justify;\"><\/div>\n<div style=\"text-align: justify;\" data-removefontsize=\"true\" data-originalcomputedfontsize=\"16\">Com roteiro e dire\u00e7\u00e3o de <b data-removefontsize=\"true\" data-originalcomputedfontsize=\"16\">T\u00falio Beat<\/b>, &#8220;Menina Semente&#8221; foi vencedor do Desafio MMA 2023 &#8211; Moda, M\u00fasica e Audiovisual do Armaz\u00e9m da Criatividade\/Porto Digital, e ainda tem no elenco\u00a0Marisflora, Camila Hayd\u00e9e, Laura Santos, Paula Monteiro, Rafaella Santos, Ida Barbosa, Patr\u00edcia Santos e Rafaela da Hora.<\/div>\n<div style=\"text-align: justify;\"><\/div>\n<div style=\"text-align: justify;\" data-removefontsize=\"true\" data-originalcomputedfontsize=\"16\">&#8220;Menina Semente&#8221; , que estreou no Festival Nacional de Cinema Universit\u00e1rio &#8211; Tainha Dourada levando um dos pr\u00eamios principais para\u00a0Thaylana Queiroz, j\u00e1 tem convites para estreia nos EUA e est\u00e1 inscritos em diversos festivais nacionais.<\/div>\n","protected":false},"excerpt":{"rendered":"<p>A atriz mirim caruaruense Thaylana Queiroz, de apenas 05 anos, venceu na \u00faltima sexta (07), o pr\u00eamio de Melhor Atua\u00e7\u00e3o&hellip;<\/p>\n","protected":false},"author":1,"featured_media":98389,"comment_status":"closed","ping_status":"open","sticky":false,"template":"","format":"standard","meta":{"footnotes":""},"categories":[14120],"tags":[27999,2,19532,3406],"class_list":["post-98388","post","type-post","status-publish","format-standard","has-post-thumbnail","hentry","category-noticias","tag-atriz-mirim-de-caruaru-e-premiada-em-festival-nacional-de-cinema","tag-blog-do-edvaldo-magalhaes","tag-blog-mais-acessado-e-visualizado-de-caruaru-e-regiao","tag-caruaru"],"_links":{"self":[{"href":"https:\/\/blogdoedvaldomagalhaes.com.br\/index.php\/wp-json\/wp\/v2\/posts\/98388","targetHints":{"allow":["GET"]}}],"collection":[{"href":"https:\/\/blogdoedvaldomagalhaes.com.br\/index.php\/wp-json\/wp\/v2\/posts"}],"about":[{"href":"https:\/\/blogdoedvaldomagalhaes.com.br\/index.php\/wp-json\/wp\/v2\/types\/post"}],"author":[{"embeddable":true,"href":"https:\/\/blogdoedvaldomagalhaes.com.br\/index.php\/wp-json\/wp\/v2\/users\/1"}],"replies":[{"embeddable":true,"href":"https:\/\/blogdoedvaldomagalhaes.com.br\/index.php\/wp-json\/wp\/v2\/comments?post=98388"}],"version-history":[{"count":1,"href":"https:\/\/blogdoedvaldomagalhaes.com.br\/index.php\/wp-json\/wp\/v2\/posts\/98388\/revisions"}],"predecessor-version":[{"id":98390,"href":"https:\/\/blogdoedvaldomagalhaes.com.br\/index.php\/wp-json\/wp\/v2\/posts\/98388\/revisions\/98390"}],"wp:featuredmedia":[{"embeddable":true,"href":"https:\/\/blogdoedvaldomagalhaes.com.br\/index.php\/wp-json\/wp\/v2\/media\/98389"}],"wp:attachment":[{"href":"https:\/\/blogdoedvaldomagalhaes.com.br\/index.php\/wp-json\/wp\/v2\/media?parent=98388"}],"wp:term":[{"taxonomy":"category","embeddable":true,"href":"https:\/\/blogdoedvaldomagalhaes.com.br\/index.php\/wp-json\/wp\/v2\/categories?post=98388"},{"taxonomy":"post_tag","embeddable":true,"href":"https:\/\/blogdoedvaldomagalhaes.com.br\/index.php\/wp-json\/wp\/v2\/tags?post=98388"}],"curies":[{"name":"wp","href":"https:\/\/api.w.org\/{rel}","templated":true}]}}