{"id":98377,"date":"2023-07-07T22:42:36","date_gmt":"2023-07-08T01:42:36","guid":{"rendered":"https:\/\/blogdoedvaldomagalhaes.com.br\/?p=98377"},"modified":"2023-07-08T10:11:54","modified_gmt":"2023-07-08T13:11:54","slug":"sobe-numero-de-mortos-no-desabamento-de-predio-no-grande-recife","status":"publish","type":"post","link":"https:\/\/blogdoedvaldomagalhaes.com.br\/index.php\/2023\/07\/07\/sobe-numero-de-mortos-no-desabamento-de-predio-no-grande-recife\/","title":{"rendered":"Sobe n\u00famero de mortos no desabamento de pr\u00e9dio no Grande Recife"},"content":{"rendered":"<p style=\"text-align: justify;\">Subiu para 11 o n\u00famero de pessoas mortas no desabamento de um pr\u00e9dio no in\u00edcio da manh\u00e3 desta sexta-feira (07), na rua Dr. Luiz In\u00e1cio de Andrade Lima, no bairro do Janga, em Paulista, no Grande Recife. Tr\u00eas pessoas ainda est\u00e3o desaparecidas. Confira \u00e0s informa\u00e7\u00f5es do Corpo de Bombeiros:<\/p>\n<p style=\"text-align: justify;\">INFORMA\u00c7\u00d5ES ATUALIZADAS \u00c0S 10h00<\/p>\n<p style=\"text-align: justify;\">*Total de V\u00edtimas: 21*<\/p>\n<p style=\"text-align: justify;\">*Desaparecidos:03*<\/p>\n<p style=\"text-align: justify;\">&#8211; Sexo Feminino: *01*<br \/>\n&#8211; Crian\u00e7as: *02*<\/p>\n<p style=\"text-align: justify;\">*V\u00edtimas com vida: 03*<\/p>\n<p style=\"text-align: justify;\">&#8211; Sexo feminino \u2013 65 anos &#8211; Socorrida pelo CBMPE para o Hospital Miguel Arraes;<br \/>\n&#8211; Sexo feminino \u2013 15 anos &#8211; Socorrida pelo Samu para o HR;<br \/>\n&#8211; Sexo Feminino \u2013 15 anos \u2013 Socorrida para o HMA;<\/p>\n<p style=\"text-align: justify;\">*V\u00edtimas em \u00d3bitos: 11*<\/p>\n<p style=\"text-align: justify;\">&#8211; Sexo masculino \u2013 45 anos<br \/>\n&#8211; Sexo Masculino \u2013 12 anos<br \/>\n&#8211; Sexo Feminino \u2013 43 anos<br \/>\n&#8211; *Sexo Masculino \u2013 18 anos &#8211; V\u00edtima retirada com vida pelos bombeiros e \u00f3bito constatado no HMA*<br \/>\n&#8211; Sexo Masculino \u2013 21 anos<br \/>\n&#8211; Sexo Masculino \u2013 16 anos<br \/>\n&#8211; Sexo Masculino &#8211; 8 anos<br \/>\n&#8211; Sexo Feminino &#8211; 5 anos<br \/>\n&#8211; Mulher Trans &#8211; 19 anos<br \/>\n&#8211; Sexo Masculino &#8211; cerca de 40 anos<br \/>\n&#8211; Sexo Feminino &#8211; cerca de 40 anos<\/p>\n<p style=\"text-align: justify;\">Obs: Dos \u00f3bitos, 10 v\u00edtimas foram encontradas sem vida e 01 foi resgatada com vida pelos bombeiros e teve \u00f3bito constatado no HMA.<\/p>\n<p style=\"text-align: justify;\">*ATEN\u00c7\u00c3O* \u2013 O Hospital Miguel Arraes (HMA\/FGH) informa que recebeu um paciente proveniente do desabamento de um pr\u00e9dio no bairro do Janga, em Paulista. Um homem, aparentando 18 anos, chegou \u00e0 unidade em parada cardiorrespirat\u00f3ria, tendo sido reanimado, sem sucesso.<\/p>\n<p style=\"text-align: justify;\">*Localizados com vida fora da Edifica\u00e7\u00e3o: 04*<br \/>\n&#8211; Sexo masculino \u2013 22 anos<br \/>\n&#8211; Sexo masculino \u2013 17 anos<br \/>\n&#8211; Sexo masculino \u2013 16 anos<br \/>\n&#8211; Sexo masculino \u2013 21 anos<\/p>\n<p style=\"text-align: justify;\">Foto: Reprodu\u00e7\u00e3o\/WhatsApp<\/p>\n","protected":false},"excerpt":{"rendered":"<p>Subiu para 11 o n\u00famero de pessoas mortas no desabamento de um pr\u00e9dio no in\u00edcio da manh\u00e3 desta sexta-feira (07),&hellip;<\/p>\n","protected":false},"author":1,"featured_media":98378,"comment_status":"closed","ping_status":"open","sticky":false,"template":"","format":"standard","meta":{"footnotes":""},"categories":[14120],"tags":[2,19532,3406,27998],"class_list":["post-98377","post","type-post","status-publish","format-standard","has-post-thumbnail","hentry","category-noticias","tag-blog-do-edvaldo-magalhaes","tag-blog-mais-acessado-e-visualizado-de-caruaru-e-regiao","tag-caruaru","tag-sobe-numero-de-mortos-no-desabamento-de-predio-no-grande-recife"],"_links":{"self":[{"href":"https:\/\/blogdoedvaldomagalhaes.com.br\/index.php\/wp-json\/wp\/v2\/posts\/98377","targetHints":{"allow":["GET"]}}],"collection":[{"href":"https:\/\/blogdoedvaldomagalhaes.com.br\/index.php\/wp-json\/wp\/v2\/posts"}],"about":[{"href":"https:\/\/blogdoedvaldomagalhaes.com.br\/index.php\/wp-json\/wp\/v2\/types\/post"}],"author":[{"embeddable":true,"href":"https:\/\/blogdoedvaldomagalhaes.com.br\/index.php\/wp-json\/wp\/v2\/users\/1"}],"replies":[{"embeddable":true,"href":"https:\/\/blogdoedvaldomagalhaes.com.br\/index.php\/wp-json\/wp\/v2\/comments?post=98377"}],"version-history":[{"count":6,"href":"https:\/\/blogdoedvaldomagalhaes.com.br\/index.php\/wp-json\/wp\/v2\/posts\/98377\/revisions"}],"predecessor-version":[{"id":98387,"href":"https:\/\/blogdoedvaldomagalhaes.com.br\/index.php\/wp-json\/wp\/v2\/posts\/98377\/revisions\/98387"}],"wp:featuredmedia":[{"embeddable":true,"href":"https:\/\/blogdoedvaldomagalhaes.com.br\/index.php\/wp-json\/wp\/v2\/media\/98378"}],"wp:attachment":[{"href":"https:\/\/blogdoedvaldomagalhaes.com.br\/index.php\/wp-json\/wp\/v2\/media?parent=98377"}],"wp:term":[{"taxonomy":"category","embeddable":true,"href":"https:\/\/blogdoedvaldomagalhaes.com.br\/index.php\/wp-json\/wp\/v2\/categories?post=98377"},{"taxonomy":"post_tag","embeddable":true,"href":"https:\/\/blogdoedvaldomagalhaes.com.br\/index.php\/wp-json\/wp\/v2\/tags?post=98377"}],"curies":[{"name":"wp","href":"https:\/\/api.w.org\/{rel}","templated":true}]}}